{"id":1499,"date":"2019-07-01T16:28:03","date_gmt":"2019-07-01T15:28:03","guid":{"rendered":"http:\/\/urdaburu.eus\/?p=1499"},"modified":"2019-07-01T16:28:03","modified_gmt":"2019-07-01T15:28:03","slug":"realizada-la-salida-a-urbion-cebollera-pese-al-calurosisimo-fin-de-semana","status":"publish","type":"post","link":"https:\/\/urdaburu.eus\/es\/2019\/07\/realizada-la-salida-a-urbion-cebollera-pese-al-calurosisimo-fin-de-semana\/","title":{"rendered":"Realizada la salida a Urbi\u00f3n-Cebollera pese al caluros\u00edsimo fin de semana"},"content":{"rendered":"<p><b>VER FOTOS: <a href=\"https:\/\/onedrive.live.com\/?id=D378410F2DF1BD75%2122407&amp;cid=D378410F2DF1BD75\" target=\"_BLANK\"> AQUI<\/a><\/b><br \/>\nEste pasado fin de semana del 29-30 de junio hemos realizado sendas excursiones por las sierras de Urbi\u00f3n y Cebollera. El sofocante calor lo aminor\u00f3 el viento de las zonas altas, aunque las bajadas fueron todo un horno.<br \/>\nEl s\u00e1bado, tras un larg\u00edsimo viaje, echamos a andar a las 12:00 desde la Laguna Negra de Urbi\u00f3n. El calor inicial desapareci\u00f3 tras la primera cuesta, llegando agradablemente a la cima de Urbi\u00f3n (2228), donde almorzamos. Pero ahora nos esperaba una largu\u00edsima y acalorada bajada. Menos mal que al inicio de la bajada pudimos llenar las cantimploras con la fresca agua del nacimiento del Duero. Terminamos e Duruelo de la Sierra hacia las 17:30. Tras tomar algunas cervezas en el bar nos trasladamos a la localidad de Abejar, donde dormimos, en el albergue Ca\u00f1ada Real.<br \/>\nEl domingo comenzamos a andar mucho m\u00e1s temprano, a las 9:00, desde el puerto de Santa In\u00e9s. Puesto que casi toda la excursi\u00f3n discurr\u00eda por crestas (venteadas), apenas nos acordamos del calor hasta la bajada final. Se fueron sucediendo las cimas de Buey (2034), Castillo de Vinuesa (2083) y Santosonario (2054). Y tras el almuerzo llegaron Tel\u00e9grafo (2081), Cebollera (2141) y Mesa de Cebollera (2163), techo de la sierra. Tras comer algo comenzamos la bajada, con gran pendiente y calor, terminando en la ermita Lomos de Orio. A falta de bar, la fuente sirvi\u00f3 para saciar la sed. Tras comer algo, a las 17:30 emprendimos el viaje de regreso, llegando a Errenteria hacia las 21:00.<\/p>\n<p><img loading=\"lazy\" src=\"https:\/\/kmsalg.dm.files.1drv.com\/y4mVl7GmDodwVEbWIQ0-6mKagQz01VKkV3ypKNhyMUuRZrbFMhaX9v9P6A_TXif6NOX97SUzPtXzC9im75ELDR1KlXgREU0TuLcr6Pah6lQ9QPVnfO7yoerL_-HffZ2Zk8YWkSRthKvM4xQ-wvwHDPQmrI1jn4K-4kUPNXU-_57UkGw1t3eIYgx5HfB_HCyr6MB?width=1600&amp;height=1200&amp;cropmode=none\" width=\"800\" height=\"600\" border=\"7\" \/><\/p>\n<p><img loading=\"lazy\" src=\"https:\/\/kgv2lq.dm.files.1drv.com\/y4msv97Zh02HKC8Jg1FAcLYEfbwSfIQgo4E7OM7eDjpyK2bczS0vTlZp3UuCaMJowpr_6N5Y4AEXi8XRmCngihOXRBvY87y7mCbcaA9BL4W21UTatIQiLkzYy6QNTPhTdk54qwaFpfm82jAlqIHUvdPpI7ycOASHRn99y1JaHMzxl-caP6Z-NOQh9Vw9ECiucep?width=1600&amp;height=1200&amp;cropmode=none\" width=\"800\" height=\"600\" border=\"7\" \/><\/p>\n<p><img loading=\"lazy\" src=\"https:\/\/lmv5lq.dm.files.1drv.com\/y4m8GP_zSOJEnnpdiC-VWUPUdRBaQ2w9CNKfRNJAYXUs5kOBvpICA40fgMFsI1lp4HcHxCi9MNOB7fGzDjozPBrjiw5Mev7WoGBhnou0pDFO0NikhSJ_4nrwWbgMK5XFFyIHhBxJy2NI8YfXwdr-N0v4ZaG5NWmGW9gAsR3A8O7j24gHyynoUh1zXdNqpsP4zvq?width=1600&amp;height=1200&amp;cropmode=none\" width=\"800\" height=\"600\" border=\"7\" \/><\/p>\n<p><img loading=\"lazy\" src=\"https:\/\/lwv0lq.dm.files.1drv.com\/y4mE1SqmibPCm2KiRlZWIbWj1KNiIDeSqTVBCbK2NgTcuT6WAnv0gYWNJOBtUhlJ-2EiSz5nvqSuZhOHILIVcUvgXOP1Jo8IsTmHqZ2qDkwmqe6EysOMwc1UBS6r3IAirdasiD5qQNB8-NX6xBndjEY03n-fLT9YF2jpcTNqpnnhKo9bBUCSmOUi_4ISodwQUMD?width=1600&amp;height=1200&amp;cropmode=none\" width=\"800\" height=\"600\" border=\"7\" \/><\/p>\n<p><img loading=\"lazy\" src=\"https:\/\/i2vzlq.dm.files.1drv.com\/y4mNjvNcNp4XkxyrXTzqS5O445UoC7VZ667V0gOCpZFekFOdT03R7eJBw5x6wGpOLN2helGAwIW1NZz3j0fRFUyFaBeTxLcbHN8nMYtISSXSu_96iDCChZ2ayz2p6aHy-zOgWKSxpiNeHhLEKkypY8ZPNRzhKehDjeLhAat65IDrCWkhpLdejRlXzA-tFvCEubv?width=1600&amp;height=1200&amp;cropmode=none\" width=\"800\" height=\"600\" border=\"7\" \/><\/p>\n<p><img loading=\"lazy\" src=\"https:\/\/kmtaiq.dm.files.1drv.com\/y4mjZ2gIC-MhPHokjO0sbHWZTsJ37C7lo_fvQH6Sy0VofqdOsOIO_8e0N4CTJLveFg8vxfWVxdHp-V6kNGoMzj2uxVPLQ4ByJUu6jZStKNKnrBo2A_AHqmkaZ1yPm5bxzWPYwhgBts3h3Tdy8kAt_NBJi1cykGLshp-fjpC0JLGk0gEoLivgLBTNTCNvxwkBHOI?width=1600&amp;height=1200&amp;cropmode=none\" width=\"800\" height=\"600\" border=\"7\" \/><\/p>\n","protected":false},"excerpt":{"rendered":"<p>VER FOTOS: AQUI Este pasado fin de semana del 29-30 de junio hemos realizado sendas excursiones por las sierras de Urbi\u00f3n y Cebollera. El sofocante<\/p>\n","protected":false},"author":4,"featured_media":0,"comment_status":"open","ping_status":"open","sticky":false,"template":"","format":"standard","meta":[],"categories":[3],"tags":[],"yoast_head":"<!-- This site is optimized with the Yoast SEO plugin v19.1 - https:\/\/yoast.com\/wordpress\/plugins\/seo\/ -->\n<title>Realizada la salida a Urbi\u00f3n-Cebollera pese al caluros\u00edsimo fin de semana - Urdaburu<\/title>\n<meta name=\"robots\" content=\"index, follow, max-snippet:-1, max-image-preview:large, max-video-preview:-1\" \/>\n<link rel=\"canonical\" href=\"https:\/\/urdaburu.eus\/es\/2019\/07\/realizada-la-salida-a-urbion-cebollera-pese-al-calurosisimo-fin-de-semana\/\" \/>\n<meta property=\"og:locale\" content=\"es_ES\" \/>\n<meta property=\"og:type\" content=\"article\" \/>\n<meta property=\"og:title\" content=\"Realizada la salida a Urbi\u00f3n-Cebollera pese al caluros\u00edsimo fin de semana - Urdaburu\" \/>\n<meta property=\"og:description\" content=\"VER FOTOS: AQUI Este pasado fin de semana del 29-30 de junio hemos realizado sendas excursiones por las sierras de Urbi\u00f3n y Cebollera. El sofocante\" \/>\n<meta property=\"og:url\" content=\"https:\/\/urdaburu.eus\/es\/2019\/07\/realizada-la-salida-a-urbion-cebollera-pese-al-calurosisimo-fin-de-semana\/\" \/>\n<meta property=\"og:site_name\" content=\"Urdaburu\" \/>\n<meta property=\"article:published_time\" content=\"2019-07-01T15:28:03+00:00\" \/>\n<meta property=\"og:image\" content=\"https:\/\/kmsalg.dm.files.1drv.com\/y4mVl7GmDodwVEbWIQ0-6mKagQz01VKkV3ypKNhyMUuRZrbFMhaX9v9P6A_TXif6NOX97SUzPtXzC9im75ELDR1KlXgREU0TuLcr6Pah6lQ9QPVnfO7yoerL_-HffZ2Zk8YWkSRthKvM4xQ-wvwHDPQmrI1jn4K-4kUPNXU-_57UkGw1t3eIYgx5HfB_HCyr6MB?width=1600&#038;height=1200&#038;cropmode=none\" \/>\n<meta name=\"twitter:card\" content=\"summary_large_image\" \/>\n<meta name=\"twitter:label1\" content=\"Written by\" \/>\n\t<meta name=\"twitter:data1\" content=\"Urdaburu ME\" \/>\n\t<meta name=\"twitter:label2\" content=\"Est. reading time\" \/>\n\t<meta name=\"twitter:data2\" content=\"1 minuto\" \/>\n<script type=\"application\/ld+json\" class=\"yoast-schema-graph\">{\"@context\":\"https:\/\/schema.org\",\"@graph\":[{\"@type\":\"WebSite\",\"@id\":\"https:\/\/urdaburu.eus\/#website\",\"url\":\"https:\/\/urdaburu.eus\/\",\"name\":\"Urdaburu\",\"description\":\"Grupo de Monta\u00f1a \",\"potentialAction\":[{\"@type\":\"SearchAction\",\"target\":{\"@type\":\"EntryPoint\",\"urlTemplate\":\"https:\/\/urdaburu.eus\/?s={search_term_string}\"},\"query-input\":\"required name=search_term_string\"}],\"inLanguage\":\"es\"},{\"@type\":\"ImageObject\",\"inLanguage\":\"es\",\"@id\":\"https:\/\/urdaburu.eus\/es\/2019\/07\/realizada-la-salida-a-urbion-cebollera-pese-al-calurosisimo-fin-de-semana\/#primaryimage\",\"url\":\"https:\/\/kmsalg.dm.files.1drv.com\/y4mVl7GmDodwVEbWIQ0-6mKagQz01VKkV3ypKNhyMUuRZrbFMhaX9v9P6A_TXif6NOX97SUzPtXzC9im75ELDR1KlXgREU0TuLcr6Pah6lQ9QPVnfO7yoerL_-HffZ2Zk8YWkSRthKvM4xQ-wvwHDPQmrI1jn4K-4kUPNXU-_57UkGw1t3eIYgx5HfB_HCyr6MB?width=1600&amp;height=1200&amp;cropmode=none\",\"contentUrl\":\"https:\/\/kmsalg.dm.files.1drv.com\/y4mVl7GmDodwVEbWIQ0-6mKagQz01VKkV3ypKNhyMUuRZrbFMhaX9v9P6A_TXif6NOX97SUzPtXzC9im75ELDR1KlXgREU0TuLcr6Pah6lQ9QPVnfO7yoerL_-HffZ2Zk8YWkSRthKvM4xQ-wvwHDPQmrI1jn4K-4kUPNXU-_57UkGw1t3eIYgx5HfB_HCyr6MB?width=1600&amp;height=1200&amp;cropmode=none\"},{\"@type\":\"WebPage\",\"@id\":\"https:\/\/urdaburu.eus\/es\/2019\/07\/realizada-la-salida-a-urbion-cebollera-pese-al-calurosisimo-fin-de-semana\/#webpage\",\"url\":\"https:\/\/urdaburu.eus\/es\/2019\/07\/realizada-la-salida-a-urbion-cebollera-pese-al-calurosisimo-fin-de-semana\/\",\"name\":\"Realizada la salida a Urbi\u00f3n-Cebollera pese al caluros\u00edsimo fin de semana - Urdaburu\",\"isPartOf\":{\"@id\":\"https:\/\/urdaburu.eus\/#website\"},\"primaryImageOfPage\":{\"@id\":\"https:\/\/urdaburu.eus\/es\/2019\/07\/realizada-la-salida-a-urbion-cebollera-pese-al-calurosisimo-fin-de-semana\/#primaryimage\"},\"datePublished\":\"2019-07-01T15:28:03+00:00\",\"dateModified\":\"2019-07-01T15:28:03+00:00\",\"author\":{\"@id\":\"https:\/\/urdaburu.eus\/#\/schema\/person\/59c2f9f1cd8601668d2f60d21c4e8c28\"},\"breadcrumb\":{\"@id\":\"https:\/\/urdaburu.eus\/es\/2019\/07\/realizada-la-salida-a-urbion-cebollera-pese-al-calurosisimo-fin-de-semana\/#breadcrumb\"},\"inLanguage\":\"es\",\"potentialAction\":[{\"@type\":\"ReadAction\",\"target\":[\"https:\/\/urdaburu.eus\/es\/2019\/07\/realizada-la-salida-a-urbion-cebollera-pese-al-calurosisimo-fin-de-semana\/\"]}]},{\"@type\":\"BreadcrumbList\",\"@id\":\"https:\/\/urdaburu.eus\/es\/2019\/07\/realizada-la-salida-a-urbion-cebollera-pese-al-calurosisimo-fin-de-semana\/#breadcrumb\",\"itemListElement\":[{\"@type\":\"ListItem\",\"position\":1,\"name\":\"Home\",\"item\":\"https:\/\/urdaburu.eus\/es\/\"},{\"@type\":\"ListItem\",\"position\":2,\"name\":\"Realizada la salida a Urbi\u00f3n-Cebollera pese al caluros\u00edsimo fin de semana\"}]},{\"@type\":\"Person\",\"@id\":\"https:\/\/urdaburu.eus\/#\/schema\/person\/59c2f9f1cd8601668d2f60d21c4e8c28\",\"name\":\"Urdaburu ME\",\"image\":{\"@type\":\"ImageObject\",\"inLanguage\":\"es\",\"@id\":\"https:\/\/urdaburu.eus\/#\/schema\/person\/image\/\",\"url\":\"https:\/\/secure.gravatar.com\/avatar\/fa57267273759411cf56b0de412e3780?s=96&d=mm&r=g\",\"contentUrl\":\"https:\/\/secure.gravatar.com\/avatar\/fa57267273759411cf56b0de412e3780?s=96&d=mm&r=g\",\"caption\":\"Urdaburu ME\"},\"url\":\"https:\/\/urdaburu.eus\/es\/author\/iprieto\/\"}]}<\/script>\n<!-- \/ Yoast SEO plugin. -->","yoast_head_json":{"title":"Realizada la salida a Urbi\u00f3n-Cebollera pese al caluros\u00edsimo fin de semana - Urdaburu","robots":{"index":"index","follow":"follow","max-snippet":"max-snippet:-1","max-image-preview":"max-image-preview:large","max-video-preview":"max-video-preview:-1"},"canonical":"https:\/\/urdaburu.eus\/es\/2019\/07\/realizada-la-salida-a-urbion-cebollera-pese-al-calurosisimo-fin-de-semana\/","og_locale":"es_ES","og_type":"article","og_title":"Realizada la salida a Urbi\u00f3n-Cebollera pese al caluros\u00edsimo fin de semana - Urdaburu","og_description":"VER FOTOS: AQUI Este pasado fin de semana del 29-30 de junio hemos realizado sendas excursiones por las sierras de Urbi\u00f3n y Cebollera. El sofocante","og_url":"https:\/\/urdaburu.eus\/es\/2019\/07\/realizada-la-salida-a-urbion-cebollera-pese-al-calurosisimo-fin-de-semana\/","og_site_name":"Urdaburu","article_published_time":"2019-07-01T15:28:03+00:00","og_image":[{"url":"https:\/\/kmsalg.dm.files.1drv.com\/y4mVl7GmDodwVEbWIQ0-6mKagQz01VKkV3ypKNhyMUuRZrbFMhaX9v9P6A_TXif6NOX97SUzPtXzC9im75ELDR1KlXgREU0TuLcr6Pah6lQ9QPVnfO7yoerL_-HffZ2Zk8YWkSRthKvM4xQ-wvwHDPQmrI1jn4K-4kUPNXU-_57UkGw1t3eIYgx5HfB_HCyr6MB?width=1600&amp;height=1200&amp;cropmode=none"}],"twitter_card":"summary_large_image","twitter_misc":{"Written by":"Urdaburu ME","Est. reading time":"1 minuto"},"schema":{"@context":"https:\/\/schema.org","@graph":[{"@type":"WebSite","@id":"https:\/\/urdaburu.eus\/#website","url":"https:\/\/urdaburu.eus\/","name":"Urdaburu","description":"Grupo de Monta\u00f1a ","potentialAction":[{"@type":"SearchAction","target":{"@type":"EntryPoint","urlTemplate":"https:\/\/urdaburu.eus\/?s={search_term_string}"},"query-input":"required name=search_term_string"}],"inLanguage":"es"},{"@type":"ImageObject","inLanguage":"es","@id":"https:\/\/urdaburu.eus\/es\/2019\/07\/realizada-la-salida-a-urbion-cebollera-pese-al-calurosisimo-fin-de-semana\/#primaryimage","url":"https:\/\/kmsalg.dm.files.1drv.com\/y4mVl7GmDodwVEbWIQ0-6mKagQz01VKkV3ypKNhyMUuRZrbFMhaX9v9P6A_TXif6NOX97SUzPtXzC9im75ELDR1KlXgREU0TuLcr6Pah6lQ9QPVnfO7yoerL_-HffZ2Zk8YWkSRthKvM4xQ-wvwHDPQmrI1jn4K-4kUPNXU-_57UkGw1t3eIYgx5HfB_HCyr6MB?width=1600&amp;height=1200&amp;cropmode=none","contentUrl":"https:\/\/kmsalg.dm.files.1drv.com\/y4mVl7GmDodwVEbWIQ0-6mKagQz01VKkV3ypKNhyMUuRZrbFMhaX9v9P6A_TXif6NOX97SUzPtXzC9im75ELDR1KlXgREU0TuLcr6Pah6lQ9QPVnfO7yoerL_-HffZ2Zk8YWkSRthKvM4xQ-wvwHDPQmrI1jn4K-4kUPNXU-_57UkGw1t3eIYgx5HfB_HCyr6MB?width=1600&amp;height=1200&amp;cropmode=none"},{"@type":"WebPage","@id":"https:\/\/urdaburu.eus\/es\/2019\/07\/realizada-la-salida-a-urbion-cebollera-pese-al-calurosisimo-fin-de-semana\/#webpage","url":"https:\/\/urdaburu.eus\/es\/2019\/07\/realizada-la-salida-a-urbion-cebollera-pese-al-calurosisimo-fin-de-semana\/","name":"Realizada la salida a Urbi\u00f3n-Cebollera pese al caluros\u00edsimo fin de semana - Urdaburu","isPartOf":{"@id":"https:\/\/urdaburu.eus\/#website"},"primaryImageOfPage":{"@id":"https:\/\/urdaburu.eus\/es\/2019\/07\/realizada-la-salida-a-urbion-cebollera-pese-al-calurosisimo-fin-de-semana\/#primaryimage"},"datePublished":"2019-07-01T15:28:03+00:00","dateModified":"2019-07-01T15:28:03+00:00","author":{"@id":"https:\/\/urdaburu.eus\/#\/schema\/person\/59c2f9f1cd8601668d2f60d21c4e8c28"},"breadcrumb":{"@id":"https:\/\/urdaburu.eus\/es\/2019\/07\/realizada-la-salida-a-urbion-cebollera-pese-al-calurosisimo-fin-de-semana\/#breadcrumb"},"inLanguage":"es","potentialAction":[{"@type":"ReadAction","target":["https:\/\/urdaburu.eus\/es\/2019\/07\/realizada-la-salida-a-urbion-cebollera-pese-al-calurosisimo-fin-de-semana\/"]}]},{"@type":"BreadcrumbList","@id":"https:\/\/urdaburu.eus\/es\/2019\/07\/realizada-la-salida-a-urbion-cebollera-pese-al-calurosisimo-fin-de-semana\/#breadcrumb","itemListElement":[{"@type":"ListItem","position":1,"name":"Home","item":"https:\/\/urdaburu.eus\/es\/"},{"@type":"ListItem","position":2,"name":"Realizada la salida a Urbi\u00f3n-Cebollera pese al caluros\u00edsimo fin de semana"}]},{"@type":"Person","@id":"https:\/\/urdaburu.eus\/#\/schema\/person\/59c2f9f1cd8601668d2f60d21c4e8c28","name":"Urdaburu ME","image":{"@type":"ImageObject","inLanguage":"es","@id":"https:\/\/urdaburu.eus\/#\/schema\/person\/image\/","url":"https:\/\/secure.gravatar.com\/avatar\/fa57267273759411cf56b0de412e3780?s=96&d=mm&r=g","contentUrl":"https:\/\/secure.gravatar.com\/avatar\/fa57267273759411cf56b0de412e3780?s=96&d=mm&r=g","caption":"Urdaburu ME"},"url":"https:\/\/urdaburu.eus\/es\/author\/iprieto\/"}]}},"_links":{"self":[{"href":"https:\/\/urdaburu.eus\/es\/wp-json\/wp\/v2\/posts\/1499"}],"collection":[{"href":"https:\/\/urdaburu.eus\/es\/wp-json\/wp\/v2\/posts"}],"about":[{"href":"https:\/\/urdaburu.eus\/es\/wp-json\/wp\/v2\/types\/post"}],"author":[{"embeddable":true,"href":"https:\/\/urdaburu.eus\/es\/wp-json\/wp\/v2\/users\/4"}],"replies":[{"embeddable":true,"href":"https:\/\/urdaburu.eus\/es\/wp-json\/wp\/v2\/comments?post=1499"}],"version-history":[{"count":1,"href":"https:\/\/urdaburu.eus\/es\/wp-json\/wp\/v2\/posts\/1499\/revisions"}],"predecessor-version":[{"id":1500,"href":"https:\/\/urdaburu.eus\/es\/wp-json\/wp\/v2\/posts\/1499\/revisions\/1500"}],"wp:attachment":[{"href":"https:\/\/urdaburu.eus\/es\/wp-json\/wp\/v2\/media?parent=1499"}],"wp:term":[{"taxonomy":"category","embeddable":true,"href":"https:\/\/urdaburu.eus\/es\/wp-json\/wp\/v2\/categories?post=1499"},{"taxonomy":"post_tag","embeddable":true,"href":"https:\/\/urdaburu.eus\/es\/wp-json\/wp\/v2\/tags?post=1499"}],"curies":[{"name":"wp","href":"https:\/\/api.w.org\/{rel}","templated":true}]}}