{"id":3605,"date":"2021-12-02T19:19:00","date_gmt":"2021-12-02T18:19:00","guid":{"rendered":"https:\/\/urdaburu.eus\/?p=3605"},"modified":"2021-12-03T19:23:07","modified_gmt":"2021-12-03T18:23:07","slug":"sesion-fotografica-piriniotan-ibilaldia","status":"publish","type":"post","link":"https:\/\/urdaburu.eus\/es\/2021\/12\/sesion-fotografica-piriniotan-ibilaldia\/","title":{"rendered":"Sesi\u00f3n fotogr\u00e1fica \u00abPiriniotan ibilaldia\u00bb"},"content":{"rendered":"\n<p>El jueves 9 de diciembre, a las 19:30, en nuestra sede, Patxi Otegi, socio de la asociaci\u00f3n, ofrecer\u00e1 una actuaci\u00f3n fotogr\u00e1fica titulada \u00abPiriniotan ibilaldia\u00bb.<\/p>\n\n\n\n<p>Tambi\u00e9n se podr\u00e1 visitar la exposici\u00f3n fotogr\u00e1fica en la misma sociedad los d\u00edas habituales, martes y jueves de 19:00 a 21:00 horas.<\/p>\n","protected":false},"excerpt":{"rendered":"<p>El jueves 9 de diciembre, a las 19:30, en nuestra sede, Patxi Otegi, socio de la asociaci\u00f3n, ofrecer\u00e1 una actuaci\u00f3n fotogr\u00e1fica titulada \u00abPiriniotan ibilaldia\u00bb. Tambi\u00e9n<\/p>\n","protected":false},"author":2,"featured_media":3601,"comment_status":"closed","ping_status":"closed","sticky":false,"template":"","format":"standard","meta":[],"categories":[3],"tags":[],"yoast_head":"<!-- This site is optimized with the Yoast SEO plugin v19.1 - https:\/\/yoast.com\/wordpress\/plugins\/seo\/ -->\n<title>Sesi\u00f3n fotogr\u00e1fica &quot;Piriniotan ibilaldia&quot; - Urdaburu<\/title>\n<meta name=\"robots\" content=\"index, follow, max-snippet:-1, max-image-preview:large, max-video-preview:-1\" \/>\n<link rel=\"canonical\" href=\"https:\/\/urdaburu.eus\/es\/2021\/12\/sesion-fotografica-piriniotan-ibilaldia\/\" \/>\n<meta property=\"og:locale\" content=\"es_ES\" \/>\n<meta property=\"og:type\" content=\"article\" \/>\n<meta property=\"og:title\" content=\"Sesi\u00f3n fotogr\u00e1fica &quot;Piriniotan ibilaldia&quot; - Urdaburu\" \/>\n<meta property=\"og:description\" content=\"El jueves 9 de diciembre, a las 19:30, en nuestra sede, Patxi Otegi, socio de la asociaci\u00f3n, ofrecer\u00e1 una actuaci\u00f3n fotogr\u00e1fica titulada \u00abPiriniotan ibilaldia\u00bb. Tambi\u00e9n\" \/>\n<meta property=\"og:url\" content=\"https:\/\/urdaburu.eus\/es\/2021\/12\/sesion-fotografica-piriniotan-ibilaldia\/\" \/>\n<meta property=\"og:site_name\" content=\"Urdaburu\" \/>\n<meta property=\"article:published_time\" content=\"2021-12-02T18:19:00+00:00\" \/>\n<meta property=\"article:modified_time\" content=\"2021-12-03T18:23:07+00:00\" \/>\n<meta property=\"og:image\" content=\"https:\/\/urdaburu.eus\/app\/uploads\/2021\/12\/PatxiPirineoak.jpg\" \/>\n\t<meta property=\"og:image:width\" content=\"1200\" \/>\n\t<meta property=\"og:image:height\" content=\"800\" \/>\n\t<meta property=\"og:image:type\" content=\"image\/jpeg\" \/>\n<meta name=\"twitter:card\" content=\"summary_large_image\" \/>\n<meta name=\"twitter:label1\" content=\"Written by\" \/>\n\t<meta name=\"twitter:data1\" content=\"Urdaburu\" \/>\n\t<meta name=\"twitter:label2\" content=\"Est. reading time\" \/>\n\t<meta name=\"twitter:data2\" content=\"1 minuto\" \/>\n<script type=\"application\/ld+json\" class=\"yoast-schema-graph\">{\"@context\":\"https:\/\/schema.org\",\"@graph\":[{\"@type\":\"WebSite\",\"@id\":\"https:\/\/urdaburu.eus\/#website\",\"url\":\"https:\/\/urdaburu.eus\/\",\"name\":\"Urdaburu\",\"description\":\"Grupo de Monta\u00f1a \",\"potentialAction\":[{\"@type\":\"SearchAction\",\"target\":{\"@type\":\"EntryPoint\",\"urlTemplate\":\"https:\/\/urdaburu.eus\/?s={search_term_string}\"},\"query-input\":\"required name=search_term_string\"}],\"inLanguage\":\"es\"},{\"@type\":\"ImageObject\",\"inLanguage\":\"es\",\"@id\":\"https:\/\/urdaburu.eus\/es\/2021\/12\/sesion-fotografica-piriniotan-ibilaldia\/#primaryimage\",\"url\":\"\/app\/uploads\/2021\/12\/PatxiPirineoak.jpg\",\"contentUrl\":\"\/app\/uploads\/2021\/12\/PatxiPirineoak.jpg\",\"width\":1200,\"height\":800},{\"@type\":\"WebPage\",\"@id\":\"https:\/\/urdaburu.eus\/es\/2021\/12\/sesion-fotografica-piriniotan-ibilaldia\/#webpage\",\"url\":\"https:\/\/urdaburu.eus\/es\/2021\/12\/sesion-fotografica-piriniotan-ibilaldia\/\",\"name\":\"Sesi\u00f3n fotogr\u00e1fica \\\"Piriniotan ibilaldia\\\" - Urdaburu\",\"isPartOf\":{\"@id\":\"https:\/\/urdaburu.eus\/#website\"},\"primaryImageOfPage\":{\"@id\":\"https:\/\/urdaburu.eus\/es\/2021\/12\/sesion-fotografica-piriniotan-ibilaldia\/#primaryimage\"},\"datePublished\":\"2021-12-02T18:19:00+00:00\",\"dateModified\":\"2021-12-03T18:23:07+00:00\",\"author\":{\"@id\":\"https:\/\/urdaburu.eus\/#\/schema\/person\/516009e451ff85719b12fcd9f67a2869\"},\"breadcrumb\":{\"@id\":\"https:\/\/urdaburu.eus\/es\/2021\/12\/sesion-fotografica-piriniotan-ibilaldia\/#breadcrumb\"},\"inLanguage\":\"es\",\"potentialAction\":[{\"@type\":\"ReadAction\",\"target\":[\"https:\/\/urdaburu.eus\/es\/2021\/12\/sesion-fotografica-piriniotan-ibilaldia\/\"]}]},{\"@type\":\"BreadcrumbList\",\"@id\":\"https:\/\/urdaburu.eus\/es\/2021\/12\/sesion-fotografica-piriniotan-ibilaldia\/#breadcrumb\",\"itemListElement\":[{\"@type\":\"ListItem\",\"position\":1,\"name\":\"Home\",\"item\":\"https:\/\/urdaburu.eus\/es\/\"},{\"@type\":\"ListItem\",\"position\":2,\"name\":\"Sesi\u00f3n fotogr\u00e1fica \u00abPiriniotan ibilaldia\u00bb\"}]},{\"@type\":\"Person\",\"@id\":\"https:\/\/urdaburu.eus\/#\/schema\/person\/516009e451ff85719b12fcd9f67a2869\",\"name\":\"Urdaburu\",\"image\":{\"@type\":\"ImageObject\",\"inLanguage\":\"es\",\"@id\":\"https:\/\/urdaburu.eus\/#\/schema\/person\/image\/\",\"url\":\"https:\/\/secure.gravatar.com\/avatar\/8d332c7f045a0ada98d08782f91493a9?s=96&d=mm&r=g\",\"contentUrl\":\"https:\/\/secure.gravatar.com\/avatar\/8d332c7f045a0ada98d08782f91493a9?s=96&d=mm&r=g\",\"caption\":\"Urdaburu\"},\"url\":\"https:\/\/urdaburu.eus\/es\/author\/urdaburu\/\"}]}<\/script>\n<!-- \/ Yoast SEO plugin. -->","yoast_head_json":{"title":"Sesi\u00f3n fotogr\u00e1fica \"Piriniotan ibilaldia\" - Urdaburu","robots":{"index":"index","follow":"follow","max-snippet":"max-snippet:-1","max-image-preview":"max-image-preview:large","max-video-preview":"max-video-preview:-1"},"canonical":"https:\/\/urdaburu.eus\/es\/2021\/12\/sesion-fotografica-piriniotan-ibilaldia\/","og_locale":"es_ES","og_type":"article","og_title":"Sesi\u00f3n fotogr\u00e1fica \"Piriniotan ibilaldia\" - Urdaburu","og_description":"El jueves 9 de diciembre, a las 19:30, en nuestra sede, Patxi Otegi, socio de la asociaci\u00f3n, ofrecer\u00e1 una actuaci\u00f3n fotogr\u00e1fica titulada \u00abPiriniotan ibilaldia\u00bb. Tambi\u00e9n","og_url":"https:\/\/urdaburu.eus\/es\/2021\/12\/sesion-fotografica-piriniotan-ibilaldia\/","og_site_name":"Urdaburu","article_published_time":"2021-12-02T18:19:00+00:00","article_modified_time":"2021-12-03T18:23:07+00:00","og_image":[{"width":1200,"height":800,"url":"https:\/\/urdaburu.eus\/app\/uploads\/2021\/12\/PatxiPirineoak.jpg","type":"image\/jpeg"}],"twitter_card":"summary_large_image","twitter_misc":{"Written by":"Urdaburu","Est. reading time":"1 minuto"},"schema":{"@context":"https:\/\/schema.org","@graph":[{"@type":"WebSite","@id":"https:\/\/urdaburu.eus\/#website","url":"https:\/\/urdaburu.eus\/","name":"Urdaburu","description":"Grupo de Monta\u00f1a ","potentialAction":[{"@type":"SearchAction","target":{"@type":"EntryPoint","urlTemplate":"https:\/\/urdaburu.eus\/?s={search_term_string}"},"query-input":"required name=search_term_string"}],"inLanguage":"es"},{"@type":"ImageObject","inLanguage":"es","@id":"https:\/\/urdaburu.eus\/es\/2021\/12\/sesion-fotografica-piriniotan-ibilaldia\/#primaryimage","url":"\/app\/uploads\/2021\/12\/PatxiPirineoak.jpg","contentUrl":"\/app\/uploads\/2021\/12\/PatxiPirineoak.jpg","width":1200,"height":800},{"@type":"WebPage","@id":"https:\/\/urdaburu.eus\/es\/2021\/12\/sesion-fotografica-piriniotan-ibilaldia\/#webpage","url":"https:\/\/urdaburu.eus\/es\/2021\/12\/sesion-fotografica-piriniotan-ibilaldia\/","name":"Sesi\u00f3n fotogr\u00e1fica \"Piriniotan ibilaldia\" - Urdaburu","isPartOf":{"@id":"https:\/\/urdaburu.eus\/#website"},"primaryImageOfPage":{"@id":"https:\/\/urdaburu.eus\/es\/2021\/12\/sesion-fotografica-piriniotan-ibilaldia\/#primaryimage"},"datePublished":"2021-12-02T18:19:00+00:00","dateModified":"2021-12-03T18:23:07+00:00","author":{"@id":"https:\/\/urdaburu.eus\/#\/schema\/person\/516009e451ff85719b12fcd9f67a2869"},"breadcrumb":{"@id":"https:\/\/urdaburu.eus\/es\/2021\/12\/sesion-fotografica-piriniotan-ibilaldia\/#breadcrumb"},"inLanguage":"es","potentialAction":[{"@type":"ReadAction","target":["https:\/\/urdaburu.eus\/es\/2021\/12\/sesion-fotografica-piriniotan-ibilaldia\/"]}]},{"@type":"BreadcrumbList","@id":"https:\/\/urdaburu.eus\/es\/2021\/12\/sesion-fotografica-piriniotan-ibilaldia\/#breadcrumb","itemListElement":[{"@type":"ListItem","position":1,"name":"Home","item":"https:\/\/urdaburu.eus\/es\/"},{"@type":"ListItem","position":2,"name":"Sesi\u00f3n fotogr\u00e1fica \u00abPiriniotan ibilaldia\u00bb"}]},{"@type":"Person","@id":"https:\/\/urdaburu.eus\/#\/schema\/person\/516009e451ff85719b12fcd9f67a2869","name":"Urdaburu","image":{"@type":"ImageObject","inLanguage":"es","@id":"https:\/\/urdaburu.eus\/#\/schema\/person\/image\/","url":"https:\/\/secure.gravatar.com\/avatar\/8d332c7f045a0ada98d08782f91493a9?s=96&d=mm&r=g","contentUrl":"https:\/\/secure.gravatar.com\/avatar\/8d332c7f045a0ada98d08782f91493a9?s=96&d=mm&r=g","caption":"Urdaburu"},"url":"https:\/\/urdaburu.eus\/es\/author\/urdaburu\/"}]}},"_links":{"self":[{"href":"https:\/\/urdaburu.eus\/es\/wp-json\/wp\/v2\/posts\/3605"}],"collection":[{"href":"https:\/\/urdaburu.eus\/es\/wp-json\/wp\/v2\/posts"}],"about":[{"href":"https:\/\/urdaburu.eus\/es\/wp-json\/wp\/v2\/types\/post"}],"author":[{"embeddable":true,"href":"https:\/\/urdaburu.eus\/es\/wp-json\/wp\/v2\/users\/2"}],"replies":[{"embeddable":true,"href":"https:\/\/urdaburu.eus\/es\/wp-json\/wp\/v2\/comments?post=3605"}],"version-history":[{"count":1,"href":"https:\/\/urdaburu.eus\/es\/wp-json\/wp\/v2\/posts\/3605\/revisions"}],"predecessor-version":[{"id":3606,"href":"https:\/\/urdaburu.eus\/es\/wp-json\/wp\/v2\/posts\/3605\/revisions\/3606"}],"wp:featuredmedia":[{"embeddable":true,"href":"https:\/\/urdaburu.eus\/es\/wp-json\/wp\/v2\/media\/3601"}],"wp:attachment":[{"href":"https:\/\/urdaburu.eus\/es\/wp-json\/wp\/v2\/media?parent=3605"}],"wp:term":[{"taxonomy":"category","embeddable":true,"href":"https:\/\/urdaburu.eus\/es\/wp-json\/wp\/v2\/categories?post=3605"},{"taxonomy":"post_tag","embeddable":true,"href":"https:\/\/urdaburu.eus\/es\/wp-json\/wp\/v2\/tags?post=3605"}],"curies":[{"name":"wp","href":"https:\/\/api.w.org\/{rel}","templated":true}]}}