{"id":3634,"date":"2021-12-07T20:55:24","date_gmt":"2021-12-07T19:55:24","guid":{"rendered":"https:\/\/urdaburu.eus\/?p=3634"},"modified":"2021-12-17T07:18:38","modified_gmt":"2021-12-17T06:18:38","slug":"dia-de-santo-tomas","status":"publish","type":"post","link":"https:\/\/urdaburu.eus\/es\/2021\/12\/dia-de-santo-tomas\/","title":{"rendered":"D\u00eda de Santo Tomas"},"content":{"rendered":"\n<p>El jueves d\u00eda 16 de diciembre, como en a\u00f1os anteriores, celebraremos Santo Tomas en el local de Urdaburu. Degustaremos como es t\u00edpico unos pintxos de txistorra acompa\u00f1ados con villancicos y el sorteo de la cesta de Navidad. Aprovecharemos adem\u00e1s la ocasi\u00f3n, para realizar un merecido reconocimiento a nuestros socios Manuel Aldaraborda, Jose Manuel Ramos e I\u00f1aki Garmendia que durante tantos a\u00f1os se han encargado de la borda Abau.<\/p>\n\n\n\n<p>\u00a1Desde aqu\u00ed os queremos invitar para que pas\u00e9is el jueves por la sociedad a celebrarlo y a poder ser vestid@s de baserritarra!<\/p>\n\n\n\n<figure class=\"wp-block-image size-full is-resized\"><img loading=\"lazy\" src=\"\/app\/uploads\/2021\/12\/SaskiaZorteOn2021.jpeg\" alt=\"\" class=\"wp-image-3679\" width=\"400\" height=\"300\" srcset=\"\/app\/uploads\/2021\/12\/SaskiaZorteOn2021.jpeg 800w, \/app\/uploads\/2021\/12\/SaskiaZorteOn2021-300x225.jpeg 300w, \/app\/uploads\/2021\/12\/SaskiaZorteOn2021-768x576.jpeg 768w, \/app\/uploads\/2021\/12\/SaskiaZorteOn2021-160x120.jpeg 160w\" sizes=\"(max-width: 400px) 100vw, 400px\" \/><\/figure>\n","protected":false},"excerpt":{"rendered":"<p>El jueves d\u00eda 16 de diciembre, como en a\u00f1os anteriores, celebraremos Santo Tomas en el local de Urdaburu. Degustaremos como es t\u00edpico unos pintxos de<\/p>\n","protected":false},"author":2,"featured_media":3679,"comment_status":"closed","ping_status":"closed","sticky":false,"template":"","format":"standard","meta":[],"categories":[3],"tags":[],"yoast_head":"<!-- This site is optimized with the Yoast SEO plugin v19.1 - https:\/\/yoast.com\/wordpress\/plugins\/seo\/ -->\n<title>D\u00eda de Santo Tomas - Urdaburu<\/title>\n<meta name=\"robots\" content=\"index, follow, max-snippet:-1, max-image-preview:large, max-video-preview:-1\" \/>\n<link rel=\"canonical\" href=\"https:\/\/urdaburu.eus\/es\/2021\/12\/dia-de-santo-tomas\/\" \/>\n<meta property=\"og:locale\" content=\"es_ES\" \/>\n<meta property=\"og:type\" content=\"article\" \/>\n<meta property=\"og:title\" content=\"D\u00eda de Santo Tomas - Urdaburu\" \/>\n<meta property=\"og:description\" content=\"El jueves d\u00eda 16 de diciembre, como en a\u00f1os anteriores, celebraremos Santo Tomas en el local de Urdaburu. Degustaremos como es t\u00edpico unos pintxos de\" \/>\n<meta property=\"og:url\" content=\"https:\/\/urdaburu.eus\/es\/2021\/12\/dia-de-santo-tomas\/\" \/>\n<meta property=\"og:site_name\" content=\"Urdaburu\" \/>\n<meta property=\"article:published_time\" content=\"2021-12-07T19:55:24+00:00\" \/>\n<meta property=\"article:modified_time\" content=\"2021-12-17T06:18:38+00:00\" \/>\n<meta property=\"og:image\" content=\"https:\/\/urdaburu.eus\/app\/uploads\/2021\/12\/SaskiaZorteOn2021.jpeg\" \/>\n\t<meta property=\"og:image:width\" content=\"800\" \/>\n\t<meta property=\"og:image:height\" content=\"600\" \/>\n\t<meta property=\"og:image:type\" content=\"image\/jpeg\" \/>\n<meta name=\"twitter:card\" content=\"summary_large_image\" \/>\n<meta name=\"twitter:label1\" content=\"Written by\" \/>\n\t<meta name=\"twitter:data1\" content=\"Urdaburu\" \/>\n\t<meta name=\"twitter:label2\" content=\"Est. reading time\" \/>\n\t<meta name=\"twitter:data2\" content=\"1 minuto\" \/>\n<script type=\"application\/ld+json\" class=\"yoast-schema-graph\">{\"@context\":\"https:\/\/schema.org\",\"@graph\":[{\"@type\":\"WebSite\",\"@id\":\"https:\/\/urdaburu.eus\/#website\",\"url\":\"https:\/\/urdaburu.eus\/\",\"name\":\"Urdaburu\",\"description\":\"Grupo de Monta\u00f1a \",\"potentialAction\":[{\"@type\":\"SearchAction\",\"target\":{\"@type\":\"EntryPoint\",\"urlTemplate\":\"https:\/\/urdaburu.eus\/?s={search_term_string}\"},\"query-input\":\"required name=search_term_string\"}],\"inLanguage\":\"es\"},{\"@type\":\"ImageObject\",\"inLanguage\":\"es\",\"@id\":\"https:\/\/urdaburu.eus\/es\/2021\/12\/dia-de-santo-tomas\/#primaryimage\",\"url\":\"\/app\/uploads\/2021\/12\/SaskiaZorteOn2021.jpeg\",\"contentUrl\":\"\/app\/uploads\/2021\/12\/SaskiaZorteOn2021.jpeg\",\"width\":800,\"height\":600},{\"@type\":\"WebPage\",\"@id\":\"https:\/\/urdaburu.eus\/es\/2021\/12\/dia-de-santo-tomas\/#webpage\",\"url\":\"https:\/\/urdaburu.eus\/es\/2021\/12\/dia-de-santo-tomas\/\",\"name\":\"D\u00eda de Santo Tomas - Urdaburu\",\"isPartOf\":{\"@id\":\"https:\/\/urdaburu.eus\/#website\"},\"primaryImageOfPage\":{\"@id\":\"https:\/\/urdaburu.eus\/es\/2021\/12\/dia-de-santo-tomas\/#primaryimage\"},\"datePublished\":\"2021-12-07T19:55:24+00:00\",\"dateModified\":\"2021-12-17T06:18:38+00:00\",\"author\":{\"@id\":\"https:\/\/urdaburu.eus\/#\/schema\/person\/516009e451ff85719b12fcd9f67a2869\"},\"breadcrumb\":{\"@id\":\"https:\/\/urdaburu.eus\/es\/2021\/12\/dia-de-santo-tomas\/#breadcrumb\"},\"inLanguage\":\"es\",\"potentialAction\":[{\"@type\":\"ReadAction\",\"target\":[\"https:\/\/urdaburu.eus\/es\/2021\/12\/dia-de-santo-tomas\/\"]}]},{\"@type\":\"BreadcrumbList\",\"@id\":\"https:\/\/urdaburu.eus\/es\/2021\/12\/dia-de-santo-tomas\/#breadcrumb\",\"itemListElement\":[{\"@type\":\"ListItem\",\"position\":1,\"name\":\"Home\",\"item\":\"https:\/\/urdaburu.eus\/es\/\"},{\"@type\":\"ListItem\",\"position\":2,\"name\":\"D\u00eda de Santo Tomas\"}]},{\"@type\":\"Person\",\"@id\":\"https:\/\/urdaburu.eus\/#\/schema\/person\/516009e451ff85719b12fcd9f67a2869\",\"name\":\"Urdaburu\",\"image\":{\"@type\":\"ImageObject\",\"inLanguage\":\"es\",\"@id\":\"https:\/\/urdaburu.eus\/#\/schema\/person\/image\/\",\"url\":\"https:\/\/secure.gravatar.com\/avatar\/8d332c7f045a0ada98d08782f91493a9?s=96&d=mm&r=g\",\"contentUrl\":\"https:\/\/secure.gravatar.com\/avatar\/8d332c7f045a0ada98d08782f91493a9?s=96&d=mm&r=g\",\"caption\":\"Urdaburu\"},\"url\":\"https:\/\/urdaburu.eus\/es\/author\/urdaburu\/\"}]}<\/script>\n<!-- \/ Yoast SEO plugin. -->","yoast_head_json":{"title":"D\u00eda de Santo Tomas - Urdaburu","robots":{"index":"index","follow":"follow","max-snippet":"max-snippet:-1","max-image-preview":"max-image-preview:large","max-video-preview":"max-video-preview:-1"},"canonical":"https:\/\/urdaburu.eus\/es\/2021\/12\/dia-de-santo-tomas\/","og_locale":"es_ES","og_type":"article","og_title":"D\u00eda de Santo Tomas - Urdaburu","og_description":"El jueves d\u00eda 16 de diciembre, como en a\u00f1os anteriores, celebraremos Santo Tomas en el local de Urdaburu. Degustaremos como es t\u00edpico unos pintxos de","og_url":"https:\/\/urdaburu.eus\/es\/2021\/12\/dia-de-santo-tomas\/","og_site_name":"Urdaburu","article_published_time":"2021-12-07T19:55:24+00:00","article_modified_time":"2021-12-17T06:18:38+00:00","og_image":[{"width":800,"height":600,"url":"https:\/\/urdaburu.eus\/app\/uploads\/2021\/12\/SaskiaZorteOn2021.jpeg","type":"image\/jpeg"}],"twitter_card":"summary_large_image","twitter_misc":{"Written by":"Urdaburu","Est. reading time":"1 minuto"},"schema":{"@context":"https:\/\/schema.org","@graph":[{"@type":"WebSite","@id":"https:\/\/urdaburu.eus\/#website","url":"https:\/\/urdaburu.eus\/","name":"Urdaburu","description":"Grupo de Monta\u00f1a ","potentialAction":[{"@type":"SearchAction","target":{"@type":"EntryPoint","urlTemplate":"https:\/\/urdaburu.eus\/?s={search_term_string}"},"query-input":"required name=search_term_string"}],"inLanguage":"es"},{"@type":"ImageObject","inLanguage":"es","@id":"https:\/\/urdaburu.eus\/es\/2021\/12\/dia-de-santo-tomas\/#primaryimage","url":"\/app\/uploads\/2021\/12\/SaskiaZorteOn2021.jpeg","contentUrl":"\/app\/uploads\/2021\/12\/SaskiaZorteOn2021.jpeg","width":800,"height":600},{"@type":"WebPage","@id":"https:\/\/urdaburu.eus\/es\/2021\/12\/dia-de-santo-tomas\/#webpage","url":"https:\/\/urdaburu.eus\/es\/2021\/12\/dia-de-santo-tomas\/","name":"D\u00eda de Santo Tomas - Urdaburu","isPartOf":{"@id":"https:\/\/urdaburu.eus\/#website"},"primaryImageOfPage":{"@id":"https:\/\/urdaburu.eus\/es\/2021\/12\/dia-de-santo-tomas\/#primaryimage"},"datePublished":"2021-12-07T19:55:24+00:00","dateModified":"2021-12-17T06:18:38+00:00","author":{"@id":"https:\/\/urdaburu.eus\/#\/schema\/person\/516009e451ff85719b12fcd9f67a2869"},"breadcrumb":{"@id":"https:\/\/urdaburu.eus\/es\/2021\/12\/dia-de-santo-tomas\/#breadcrumb"},"inLanguage":"es","potentialAction":[{"@type":"ReadAction","target":["https:\/\/urdaburu.eus\/es\/2021\/12\/dia-de-santo-tomas\/"]}]},{"@type":"BreadcrumbList","@id":"https:\/\/urdaburu.eus\/es\/2021\/12\/dia-de-santo-tomas\/#breadcrumb","itemListElement":[{"@type":"ListItem","position":1,"name":"Home","item":"https:\/\/urdaburu.eus\/es\/"},{"@type":"ListItem","position":2,"name":"D\u00eda de Santo Tomas"}]},{"@type":"Person","@id":"https:\/\/urdaburu.eus\/#\/schema\/person\/516009e451ff85719b12fcd9f67a2869","name":"Urdaburu","image":{"@type":"ImageObject","inLanguage":"es","@id":"https:\/\/urdaburu.eus\/#\/schema\/person\/image\/","url":"https:\/\/secure.gravatar.com\/avatar\/8d332c7f045a0ada98d08782f91493a9?s=96&d=mm&r=g","contentUrl":"https:\/\/secure.gravatar.com\/avatar\/8d332c7f045a0ada98d08782f91493a9?s=96&d=mm&r=g","caption":"Urdaburu"},"url":"https:\/\/urdaburu.eus\/es\/author\/urdaburu\/"}]}},"_links":{"self":[{"href":"https:\/\/urdaburu.eus\/es\/wp-json\/wp\/v2\/posts\/3634"}],"collection":[{"href":"https:\/\/urdaburu.eus\/es\/wp-json\/wp\/v2\/posts"}],"about":[{"href":"https:\/\/urdaburu.eus\/es\/wp-json\/wp\/v2\/types\/post"}],"author":[{"embeddable":true,"href":"https:\/\/urdaburu.eus\/es\/wp-json\/wp\/v2\/users\/2"}],"replies":[{"embeddable":true,"href":"https:\/\/urdaburu.eus\/es\/wp-json\/wp\/v2\/comments?post=3634"}],"version-history":[{"count":3,"href":"https:\/\/urdaburu.eus\/es\/wp-json\/wp\/v2\/posts\/3634\/revisions"}],"predecessor-version":[{"id":3681,"href":"https:\/\/urdaburu.eus\/es\/wp-json\/wp\/v2\/posts\/3634\/revisions\/3681"}],"wp:featuredmedia":[{"embeddable":true,"href":"https:\/\/urdaburu.eus\/es\/wp-json\/wp\/v2\/media\/3679"}],"wp:attachment":[{"href":"https:\/\/urdaburu.eus\/es\/wp-json\/wp\/v2\/media?parent=3634"}],"wp:term":[{"taxonomy":"category","embeddable":true,"href":"https:\/\/urdaburu.eus\/es\/wp-json\/wp\/v2\/categories?post=3634"},{"taxonomy":"post_tag","embeddable":true,"href":"https:\/\/urdaburu.eus\/es\/wp-json\/wp\/v2\/tags?post=3634"}],"curies":[{"name":"wp","href":"https:\/\/api.w.org\/{rel}","templated":true}]}}