{"id":3671,"date":"2021-12-07T21:10:00","date_gmt":"2021-12-07T20:10:00","guid":{"rendered":"https:\/\/urdaburu.eus\/?p=3671"},"modified":"2021-12-08T21:24:38","modified_gmt":"2021-12-08T20:24:38","slug":"salida-urdaburu-m-e-urdazuriko-biraren-6-etapa","status":"publish","type":"post","link":"https:\/\/urdaburu.eus\/es\/2021\/12\/salida-urdaburu-m-e-urdazuriko-biraren-6-etapa\/","title":{"rendered":"Salida URDABURU M.E. Urdazuriko biraren 6. etapa"},"content":{"rendered":"\n<p>Se ha organizado para el pr\u00f3ximo d\u00eda 18 de diciembre la 6\u00aa la \u00faltima etapa de la Vuelta a Urdazuri, que no se pudo realizar en marzo-2020. El recorrido comenzar\u00e1 en Lizuniaga y, tras\u00a0\u00a0pasar por la cumbre de Larrun y el barrio de Oleta de Askain, terminar\u00e1 en Donibane Lohitzune.\u00a0La traves\u00eda tendr\u00e1 una distancia de 18 kms, 750 m de desnivel y\u00a0una duraci\u00f3n aproximada de 5,30\u00a0 h. Teniendo en cuenta que el recorrido no es muy largo, ser\u00e1 un excursi\u00f3n ma\u00f1anera.<\/p>\n\n\n\n<p>La salida ser\u00e1 el citado s\u00e1bado a las 7,30 h de la parada del autob\u00fas de la Alameda, y a las 7,35 de Lintzirin (parte trasera del Hotel). Las personas interesadas pueden dirigirse al local social los martes y jueves de 19:00 a 21:00 o llamar al tel\u00e9fono 943527879 los mismos d\u00edas y horas o hacer la inscripci\u00f3n en la p\u00e1gina web del club.<\/p>\n\n\n\n<p>Aqu\u00ed ten\u00e9is el formulario de inscripci\u00f3n:\u00a0\u00a0 \u00a0 \u00a0 \u00a0 \u00a0 \u00a0\u00a0<br><a href=\"https:\/\/sites.google.com\/view\/urdaburumendizaleelkartea\/irteerak\/2021-12-18-urdazubiko-bira?authuser=0\" target=\"_blank\" rel=\"noreferrer noopener\">https:\/\/sites.google.com\/view\/urdaburumendizaleelkartea\/irteerak\/2021-12-18-urdazubiko-bira<\/a><\/p>\n\n\n\n<p>El \u00faltimo d\u00eda para apuntarse a la salida es el 16 de diciembre. El precio de la salida es de 15 \u20ac y se cobrar\u00e1 en el autob\u00fas.<\/p>\n\n\n\n<p><a href=\"https:\/\/urdaburu.eus\/es\/event\/vuelta-a-urdazuri-6a-etapa-lizuniaga-donibane-lohizune\/\">M\u00e1s informaci\u00f3n aqu\u00ed.<\/a><\/p>\n","protected":false},"excerpt":{"rendered":"<p>Se ha organizado para el pr\u00f3ximo d\u00eda 18 de diciembre la 6\u00aa la \u00faltima etapa de la Vuelta a Urdazuri, que no se pudo realizar<\/p>\n","protected":false},"author":2,"featured_media":3676,"comment_status":"closed","ping_status":"closed","sticky":false,"template":"","format":"standard","meta":[],"categories":[3],"tags":[],"yoast_head":"<!-- This site is optimized with the Yoast SEO plugin v19.1 - https:\/\/yoast.com\/wordpress\/plugins\/seo\/ -->\n<title>Salida URDABURU M.E. Urdazuriko biraren 6. etapa - Urdaburu<\/title>\n<meta name=\"robots\" content=\"index, follow, max-snippet:-1, max-image-preview:large, max-video-preview:-1\" \/>\n<link rel=\"canonical\" href=\"https:\/\/urdaburu.eus\/es\/2021\/12\/salida-urdaburu-m-e-urdazuriko-biraren-6-etapa\/\" \/>\n<meta property=\"og:locale\" content=\"es_ES\" \/>\n<meta property=\"og:type\" content=\"article\" \/>\n<meta property=\"og:title\" content=\"Salida URDABURU M.E. Urdazuriko biraren 6. etapa - Urdaburu\" \/>\n<meta property=\"og:description\" content=\"Se ha organizado para el pr\u00f3ximo d\u00eda 18 de diciembre la 6\u00aa la \u00faltima etapa de la Vuelta a Urdazuri, que no se pudo realizar\" \/>\n<meta property=\"og:url\" content=\"https:\/\/urdaburu.eus\/es\/2021\/12\/salida-urdaburu-m-e-urdazuriko-biraren-6-etapa\/\" \/>\n<meta property=\"og:site_name\" content=\"Urdaburu\" \/>\n<meta property=\"article:published_time\" content=\"2021-12-07T20:10:00+00:00\" \/>\n<meta property=\"article:modified_time\" content=\"2021-12-08T20:24:38+00:00\" \/>\n<meta property=\"og:image\" content=\"https:\/\/urdaburu.eus\/app\/uploads\/2021\/12\/Urdazuriko-bira-6-etapa.png\" \/>\n\t<meta property=\"og:image:width\" content=\"736\" \/>\n\t<meta property=\"og:image:height\" content=\"403\" \/>\n\t<meta property=\"og:image:type\" content=\"image\/png\" \/>\n<meta name=\"twitter:card\" content=\"summary_large_image\" \/>\n<meta name=\"twitter:label1\" content=\"Written by\" \/>\n\t<meta name=\"twitter:data1\" content=\"Urdaburu\" \/>\n\t<meta name=\"twitter:label2\" content=\"Est. reading time\" \/>\n\t<meta name=\"twitter:data2\" content=\"1 minuto\" \/>\n<script type=\"application\/ld+json\" class=\"yoast-schema-graph\">{\"@context\":\"https:\/\/schema.org\",\"@graph\":[{\"@type\":\"WebSite\",\"@id\":\"https:\/\/urdaburu.eus\/#website\",\"url\":\"https:\/\/urdaburu.eus\/\",\"name\":\"Urdaburu\",\"description\":\"Grupo de Monta\u00f1a \",\"potentialAction\":[{\"@type\":\"SearchAction\",\"target\":{\"@type\":\"EntryPoint\",\"urlTemplate\":\"https:\/\/urdaburu.eus\/?s={search_term_string}\"},\"query-input\":\"required name=search_term_string\"}],\"inLanguage\":\"es\"},{\"@type\":\"ImageObject\",\"inLanguage\":\"es\",\"@id\":\"https:\/\/urdaburu.eus\/es\/2021\/12\/salida-urdaburu-m-e-urdazuriko-biraren-6-etapa\/#primaryimage\",\"url\":\"\/app\/uploads\/2021\/12\/Urdazuriko-bira-6-etapa.png\",\"contentUrl\":\"\/app\/uploads\/2021\/12\/Urdazuriko-bira-6-etapa.png\",\"width\":736,\"height\":403},{\"@type\":\"WebPage\",\"@id\":\"https:\/\/urdaburu.eus\/es\/2021\/12\/salida-urdaburu-m-e-urdazuriko-biraren-6-etapa\/#webpage\",\"url\":\"https:\/\/urdaburu.eus\/es\/2021\/12\/salida-urdaburu-m-e-urdazuriko-biraren-6-etapa\/\",\"name\":\"Salida URDABURU M.E. Urdazuriko biraren 6. etapa - Urdaburu\",\"isPartOf\":{\"@id\":\"https:\/\/urdaburu.eus\/#website\"},\"primaryImageOfPage\":{\"@id\":\"https:\/\/urdaburu.eus\/es\/2021\/12\/salida-urdaburu-m-e-urdazuriko-biraren-6-etapa\/#primaryimage\"},\"datePublished\":\"2021-12-07T20:10:00+00:00\",\"dateModified\":\"2021-12-08T20:24:38+00:00\",\"author\":{\"@id\":\"https:\/\/urdaburu.eus\/#\/schema\/person\/516009e451ff85719b12fcd9f67a2869\"},\"breadcrumb\":{\"@id\":\"https:\/\/urdaburu.eus\/es\/2021\/12\/salida-urdaburu-m-e-urdazuriko-biraren-6-etapa\/#breadcrumb\"},\"inLanguage\":\"es\",\"potentialAction\":[{\"@type\":\"ReadAction\",\"target\":[\"https:\/\/urdaburu.eus\/es\/2021\/12\/salida-urdaburu-m-e-urdazuriko-biraren-6-etapa\/\"]}]},{\"@type\":\"BreadcrumbList\",\"@id\":\"https:\/\/urdaburu.eus\/es\/2021\/12\/salida-urdaburu-m-e-urdazuriko-biraren-6-etapa\/#breadcrumb\",\"itemListElement\":[{\"@type\":\"ListItem\",\"position\":1,\"name\":\"Home\",\"item\":\"https:\/\/urdaburu.eus\/es\/\"},{\"@type\":\"ListItem\",\"position\":2,\"name\":\"Salida URDABURU M.E. Urdazuriko biraren 6. etapa\"}]},{\"@type\":\"Person\",\"@id\":\"https:\/\/urdaburu.eus\/#\/schema\/person\/516009e451ff85719b12fcd9f67a2869\",\"name\":\"Urdaburu\",\"image\":{\"@type\":\"ImageObject\",\"inLanguage\":\"es\",\"@id\":\"https:\/\/urdaburu.eus\/#\/schema\/person\/image\/\",\"url\":\"https:\/\/secure.gravatar.com\/avatar\/8d332c7f045a0ada98d08782f91493a9?s=96&d=mm&r=g\",\"contentUrl\":\"https:\/\/secure.gravatar.com\/avatar\/8d332c7f045a0ada98d08782f91493a9?s=96&d=mm&r=g\",\"caption\":\"Urdaburu\"},\"url\":\"https:\/\/urdaburu.eus\/es\/author\/urdaburu\/\"}]}<\/script>\n<!-- \/ Yoast SEO plugin. -->","yoast_head_json":{"title":"Salida URDABURU M.E. Urdazuriko biraren 6. etapa - Urdaburu","robots":{"index":"index","follow":"follow","max-snippet":"max-snippet:-1","max-image-preview":"max-image-preview:large","max-video-preview":"max-video-preview:-1"},"canonical":"https:\/\/urdaburu.eus\/es\/2021\/12\/salida-urdaburu-m-e-urdazuriko-biraren-6-etapa\/","og_locale":"es_ES","og_type":"article","og_title":"Salida URDABURU M.E. Urdazuriko biraren 6. etapa - Urdaburu","og_description":"Se ha organizado para el pr\u00f3ximo d\u00eda 18 de diciembre la 6\u00aa la \u00faltima etapa de la Vuelta a Urdazuri, que no se pudo realizar","og_url":"https:\/\/urdaburu.eus\/es\/2021\/12\/salida-urdaburu-m-e-urdazuriko-biraren-6-etapa\/","og_site_name":"Urdaburu","article_published_time":"2021-12-07T20:10:00+00:00","article_modified_time":"2021-12-08T20:24:38+00:00","og_image":[{"width":736,"height":403,"url":"https:\/\/urdaburu.eus\/app\/uploads\/2021\/12\/Urdazuriko-bira-6-etapa.png","type":"image\/png"}],"twitter_card":"summary_large_image","twitter_misc":{"Written by":"Urdaburu","Est. reading time":"1 minuto"},"schema":{"@context":"https:\/\/schema.org","@graph":[{"@type":"WebSite","@id":"https:\/\/urdaburu.eus\/#website","url":"https:\/\/urdaburu.eus\/","name":"Urdaburu","description":"Grupo de Monta\u00f1a ","potentialAction":[{"@type":"SearchAction","target":{"@type":"EntryPoint","urlTemplate":"https:\/\/urdaburu.eus\/?s={search_term_string}"},"query-input":"required name=search_term_string"}],"inLanguage":"es"},{"@type":"ImageObject","inLanguage":"es","@id":"https:\/\/urdaburu.eus\/es\/2021\/12\/salida-urdaburu-m-e-urdazuriko-biraren-6-etapa\/#primaryimage","url":"\/app\/uploads\/2021\/12\/Urdazuriko-bira-6-etapa.png","contentUrl":"\/app\/uploads\/2021\/12\/Urdazuriko-bira-6-etapa.png","width":736,"height":403},{"@type":"WebPage","@id":"https:\/\/urdaburu.eus\/es\/2021\/12\/salida-urdaburu-m-e-urdazuriko-biraren-6-etapa\/#webpage","url":"https:\/\/urdaburu.eus\/es\/2021\/12\/salida-urdaburu-m-e-urdazuriko-biraren-6-etapa\/","name":"Salida URDABURU M.E. Urdazuriko biraren 6. etapa - Urdaburu","isPartOf":{"@id":"https:\/\/urdaburu.eus\/#website"},"primaryImageOfPage":{"@id":"https:\/\/urdaburu.eus\/es\/2021\/12\/salida-urdaburu-m-e-urdazuriko-biraren-6-etapa\/#primaryimage"},"datePublished":"2021-12-07T20:10:00+00:00","dateModified":"2021-12-08T20:24:38+00:00","author":{"@id":"https:\/\/urdaburu.eus\/#\/schema\/person\/516009e451ff85719b12fcd9f67a2869"},"breadcrumb":{"@id":"https:\/\/urdaburu.eus\/es\/2021\/12\/salida-urdaburu-m-e-urdazuriko-biraren-6-etapa\/#breadcrumb"},"inLanguage":"es","potentialAction":[{"@type":"ReadAction","target":["https:\/\/urdaburu.eus\/es\/2021\/12\/salida-urdaburu-m-e-urdazuriko-biraren-6-etapa\/"]}]},{"@type":"BreadcrumbList","@id":"https:\/\/urdaburu.eus\/es\/2021\/12\/salida-urdaburu-m-e-urdazuriko-biraren-6-etapa\/#breadcrumb","itemListElement":[{"@type":"ListItem","position":1,"name":"Home","item":"https:\/\/urdaburu.eus\/es\/"},{"@type":"ListItem","position":2,"name":"Salida URDABURU M.E. Urdazuriko biraren 6. etapa"}]},{"@type":"Person","@id":"https:\/\/urdaburu.eus\/#\/schema\/person\/516009e451ff85719b12fcd9f67a2869","name":"Urdaburu","image":{"@type":"ImageObject","inLanguage":"es","@id":"https:\/\/urdaburu.eus\/#\/schema\/person\/image\/","url":"https:\/\/secure.gravatar.com\/avatar\/8d332c7f045a0ada98d08782f91493a9?s=96&d=mm&r=g","contentUrl":"https:\/\/secure.gravatar.com\/avatar\/8d332c7f045a0ada98d08782f91493a9?s=96&d=mm&r=g","caption":"Urdaburu"},"url":"https:\/\/urdaburu.eus\/es\/author\/urdaburu\/"}]}},"_links":{"self":[{"href":"https:\/\/urdaburu.eus\/es\/wp-json\/wp\/v2\/posts\/3671"}],"collection":[{"href":"https:\/\/urdaburu.eus\/es\/wp-json\/wp\/v2\/posts"}],"about":[{"href":"https:\/\/urdaburu.eus\/es\/wp-json\/wp\/v2\/types\/post"}],"author":[{"embeddable":true,"href":"https:\/\/urdaburu.eus\/es\/wp-json\/wp\/v2\/users\/2"}],"replies":[{"embeddable":true,"href":"https:\/\/urdaburu.eus\/es\/wp-json\/wp\/v2\/comments?post=3671"}],"version-history":[{"count":2,"href":"https:\/\/urdaburu.eus\/es\/wp-json\/wp\/v2\/posts\/3671\/revisions"}],"predecessor-version":[{"id":3673,"href":"https:\/\/urdaburu.eus\/es\/wp-json\/wp\/v2\/posts\/3671\/revisions\/3673"}],"wp:featuredmedia":[{"embeddable":true,"href":"https:\/\/urdaburu.eus\/es\/wp-json\/wp\/v2\/media\/3676"}],"wp:attachment":[{"href":"https:\/\/urdaburu.eus\/es\/wp-json\/wp\/v2\/media?parent=3671"}],"wp:term":[{"taxonomy":"category","embeddable":true,"href":"https:\/\/urdaburu.eus\/es\/wp-json\/wp\/v2\/categories?post=3671"},{"taxonomy":"post_tag","embeddable":true,"href":"https:\/\/urdaburu.eus\/es\/wp-json\/wp\/v2\/tags?post=3671"}],"curies":[{"name":"wp","href":"https:\/\/api.w.org\/{rel}","templated":true}]}}