{"id":3964,"date":"2022-03-20T21:28:23","date_gmt":"2022-03-20T20:28:23","guid":{"rendered":"https:\/\/urdaburu.eus\/?p=3964"},"modified":"2022-03-20T21:28:25","modified_gmt":"2022-03-20T20:28:25","slug":"realizada-la-2a-etapa-de-la-vuelta-a-tolosaldea-entre-berastegi-y-urto","status":"publish","type":"post","link":"https:\/\/urdaburu.eus\/es\/2022\/03\/realizada-la-2a-etapa-de-la-vuelta-a-tolosaldea-entre-berastegi-y-urto\/","title":{"rendered":"Realizada la 2\u00aa etapa de la Vuelta a Tolosaldea entre Berastegi y Urto"},"content":{"rendered":"\n<p>Ayer, 19 de marzo, hicimos la 2\u00aa etapa de la Vuelta a Tolosaldea entre Berastegi y Urto. Fuimos unos 70 participantes y dos autobuses. Esta vez tuvimos un d\u00eda soleado y templado y un bonito recorrido, m\u00e1s llevadero que la etapa anterior. Pudimos ver los hayedos de Ipuli\u00f1o, aunque la mayor sorpresa fue el rinc\u00f3n de Mustar en Leitzaran. <strong>VER FOTOS: <a href=\"https:\/\/onedrive.live.com\/?id=D378410F2DF1BD75%2124561&amp;cid=D378410F2DF1BD75\" target=\"_blank\" rel=\"noreferrer noopener\">AQUI<\/a><\/strong><\/p>\n\n\n\n<hr class=\"wp-block-separator\"\/>\n\n\n\n<figure class=\"wp-block-image\"><img src=\"https:\/\/db3pap007files.storage.live.com\/y4mCrVs9nk0nM9kN8ulpsK3C0RxTNMcKBu0sP55oSg9LnVA0mRIRAQX8sXTZHhVU5yy4BTSyff8lRdwdrCiyPKZqVRsK7Y4KBy4ooFJz90cH3AopTeZaoDqnpcFl5lLDkcn5bWbrSyoCO5hmIt_DQx_UXYyKRtn2_H_ND7qLBLGe5I?width=1600&amp;height=1200&amp;cropmode=none\" alt=\"\"\/><\/figure>\n\n\n\n<figure class=\"wp-block-image\"><img src=\"https:\/\/db3pap007files.storage.live.com\/y4mwD0Ab510MxaYkM8QQpFYwlFXMfsi8VSUk921krt0RIpj8EawvtFwU6TmWl6jUD606y-oCossE5xg9pHO_POk99WMLM1RFjK4LGqXW_UBjgdCQxbHNXyl5nJmzMyGAJDx36bVWWXXl-PP_2YLL9vPIAQTp5GbfpQGWqTnreB0ARk?width=1600&amp;height=1200&amp;cropmode=none\" alt=\"\"\/><\/figure>\n\n\n\n<figure class=\"wp-block-image\"><img src=\"https:\/\/db3pap007files.storage.live.com\/y4mzwLTN2J0zz-jSQncSOWwInUlWMC4UMaoed1vWYwWmtSYTq0pqzR7Hs-3vpLwrwlX0j4uz81pXCtY6BjlyF3LqRq2dCZhWH1blEvIak3eSMH2ydv9T_4NhwDx0qQPY83atFjGV4-MtoyEnWEEvMDrUe5OgJufaPK_vICA3T0ZlnU?width=1600&amp;height=1200&amp;cropmode=none\" alt=\"\"\/><\/figure>\n","protected":false},"excerpt":{"rendered":"<p>Ayer, 19 de marzo, hicimos la 2\u00aa etapa de la Vuelta a Tolosaldea entre Berastegi y Urto. Fuimos unos 70 participantes y dos autobuses. Esta<\/p>\n","protected":false},"author":4,"featured_media":0,"comment_status":"closed","ping_status":"closed","sticky":false,"template":"","format":"standard","meta":[],"categories":[48],"tags":[],"yoast_head":"<!-- This site is optimized with the Yoast SEO plugin v19.1 - https:\/\/yoast.com\/wordpress\/plugins\/seo\/ -->\n<title>Realizada la 2\u00aa etapa de la Vuelta a Tolosaldea entre Berastegi y Urto - Urdaburu<\/title>\n<meta name=\"robots\" content=\"index, follow, max-snippet:-1, max-image-preview:large, max-video-preview:-1\" \/>\n<link rel=\"canonical\" href=\"https:\/\/urdaburu.eus\/es\/2022\/03\/realizada-la-2a-etapa-de-la-vuelta-a-tolosaldea-entre-berastegi-y-urto\/\" \/>\n<meta property=\"og:locale\" content=\"es_ES\" \/>\n<meta property=\"og:type\" content=\"article\" \/>\n<meta property=\"og:title\" content=\"Realizada la 2\u00aa etapa de la Vuelta a Tolosaldea entre Berastegi y Urto - Urdaburu\" \/>\n<meta property=\"og:description\" content=\"Ayer, 19 de marzo, hicimos la 2\u00aa etapa de la Vuelta a Tolosaldea entre Berastegi y Urto. Fuimos unos 70 participantes y dos autobuses. Esta\" \/>\n<meta property=\"og:url\" content=\"https:\/\/urdaburu.eus\/es\/2022\/03\/realizada-la-2a-etapa-de-la-vuelta-a-tolosaldea-entre-berastegi-y-urto\/\" \/>\n<meta property=\"og:site_name\" content=\"Urdaburu\" \/>\n<meta property=\"article:published_time\" content=\"2022-03-20T20:28:23+00:00\" \/>\n<meta property=\"article:modified_time\" content=\"2022-03-20T20:28:25+00:00\" \/>\n<meta property=\"og:image\" content=\"https:\/\/db3pap007files.storage.live.com\/y4mCrVs9nk0nM9kN8ulpsK3C0RxTNMcKBu0sP55oSg9LnVA0mRIRAQX8sXTZHhVU5yy4BTSyff8lRdwdrCiyPKZqVRsK7Y4KBy4ooFJz90cH3AopTeZaoDqnpcFl5lLDkcn5bWbrSyoCO5hmIt_DQx_UXYyKRtn2_H_ND7qLBLGe5I?width=1600&#038;height=1200&#038;cropmode=none\" \/>\n<meta name=\"twitter:card\" content=\"summary_large_image\" \/>\n<meta name=\"twitter:label1\" content=\"Written by\" \/>\n\t<meta name=\"twitter:data1\" content=\"Urdaburu ME\" \/>\n\t<meta name=\"twitter:label2\" content=\"Est. reading time\" \/>\n\t<meta name=\"twitter:data2\" content=\"1 minuto\" \/>\n<script type=\"application\/ld+json\" class=\"yoast-schema-graph\">{\"@context\":\"https:\/\/schema.org\",\"@graph\":[{\"@type\":\"WebSite\",\"@id\":\"https:\/\/urdaburu.eus\/#website\",\"url\":\"https:\/\/urdaburu.eus\/\",\"name\":\"Urdaburu\",\"description\":\"Grupo de Monta\u00f1a \",\"potentialAction\":[{\"@type\":\"SearchAction\",\"target\":{\"@type\":\"EntryPoint\",\"urlTemplate\":\"https:\/\/urdaburu.eus\/?s={search_term_string}\"},\"query-input\":\"required name=search_term_string\"}],\"inLanguage\":\"es\"},{\"@type\":\"ImageObject\",\"inLanguage\":\"es\",\"@id\":\"https:\/\/urdaburu.eus\/es\/2022\/03\/realizada-la-2a-etapa-de-la-vuelta-a-tolosaldea-entre-berastegi-y-urto\/#primaryimage\",\"url\":\"https:\/\/db3pap007files.storage.live.com\/y4mCrVs9nk0nM9kN8ulpsK3C0RxTNMcKBu0sP55oSg9LnVA0mRIRAQX8sXTZHhVU5yy4BTSyff8lRdwdrCiyPKZqVRsK7Y4KBy4ooFJz90cH3AopTeZaoDqnpcFl5lLDkcn5bWbrSyoCO5hmIt_DQx_UXYyKRtn2_H_ND7qLBLGe5I?width=1600&amp;height=1200&amp;cropmode=none\",\"contentUrl\":\"https:\/\/db3pap007files.storage.live.com\/y4mCrVs9nk0nM9kN8ulpsK3C0RxTNMcKBu0sP55oSg9LnVA0mRIRAQX8sXTZHhVU5yy4BTSyff8lRdwdrCiyPKZqVRsK7Y4KBy4ooFJz90cH3AopTeZaoDqnpcFl5lLDkcn5bWbrSyoCO5hmIt_DQx_UXYyKRtn2_H_ND7qLBLGe5I?width=1600&amp;height=1200&amp;cropmode=none\"},{\"@type\":\"WebPage\",\"@id\":\"https:\/\/urdaburu.eus\/es\/2022\/03\/realizada-la-2a-etapa-de-la-vuelta-a-tolosaldea-entre-berastegi-y-urto\/#webpage\",\"url\":\"https:\/\/urdaburu.eus\/es\/2022\/03\/realizada-la-2a-etapa-de-la-vuelta-a-tolosaldea-entre-berastegi-y-urto\/\",\"name\":\"Realizada la 2\u00aa etapa de la Vuelta a Tolosaldea entre Berastegi y Urto - Urdaburu\",\"isPartOf\":{\"@id\":\"https:\/\/urdaburu.eus\/#website\"},\"primaryImageOfPage\":{\"@id\":\"https:\/\/urdaburu.eus\/es\/2022\/03\/realizada-la-2a-etapa-de-la-vuelta-a-tolosaldea-entre-berastegi-y-urto\/#primaryimage\"},\"datePublished\":\"2022-03-20T20:28:23+00:00\",\"dateModified\":\"2022-03-20T20:28:25+00:00\",\"author\":{\"@id\":\"https:\/\/urdaburu.eus\/#\/schema\/person\/59c2f9f1cd8601668d2f60d21c4e8c28\"},\"breadcrumb\":{\"@id\":\"https:\/\/urdaburu.eus\/es\/2022\/03\/realizada-la-2a-etapa-de-la-vuelta-a-tolosaldea-entre-berastegi-y-urto\/#breadcrumb\"},\"inLanguage\":\"es\",\"potentialAction\":[{\"@type\":\"ReadAction\",\"target\":[\"https:\/\/urdaburu.eus\/es\/2022\/03\/realizada-la-2a-etapa-de-la-vuelta-a-tolosaldea-entre-berastegi-y-urto\/\"]}]},{\"@type\":\"BreadcrumbList\",\"@id\":\"https:\/\/urdaburu.eus\/es\/2022\/03\/realizada-la-2a-etapa-de-la-vuelta-a-tolosaldea-entre-berastegi-y-urto\/#breadcrumb\",\"itemListElement\":[{\"@type\":\"ListItem\",\"position\":1,\"name\":\"Home\",\"item\":\"https:\/\/urdaburu.eus\/es\/\"},{\"@type\":\"ListItem\",\"position\":2,\"name\":\"Realizada la 2\u00aa etapa de la Vuelta a Tolosaldea entre Berastegi y Urto\"}]},{\"@type\":\"Person\",\"@id\":\"https:\/\/urdaburu.eus\/#\/schema\/person\/59c2f9f1cd8601668d2f60d21c4e8c28\",\"name\":\"Urdaburu ME\",\"image\":{\"@type\":\"ImageObject\",\"inLanguage\":\"es\",\"@id\":\"https:\/\/urdaburu.eus\/#\/schema\/person\/image\/\",\"url\":\"https:\/\/secure.gravatar.com\/avatar\/fa57267273759411cf56b0de412e3780?s=96&d=mm&r=g\",\"contentUrl\":\"https:\/\/secure.gravatar.com\/avatar\/fa57267273759411cf56b0de412e3780?s=96&d=mm&r=g\",\"caption\":\"Urdaburu ME\"},\"url\":\"https:\/\/urdaburu.eus\/es\/author\/iprieto\/\"}]}<\/script>\n<!-- \/ Yoast SEO plugin. -->","yoast_head_json":{"title":"Realizada la 2\u00aa etapa de la Vuelta a Tolosaldea entre Berastegi y Urto - Urdaburu","robots":{"index":"index","follow":"follow","max-snippet":"max-snippet:-1","max-image-preview":"max-image-preview:large","max-video-preview":"max-video-preview:-1"},"canonical":"https:\/\/urdaburu.eus\/es\/2022\/03\/realizada-la-2a-etapa-de-la-vuelta-a-tolosaldea-entre-berastegi-y-urto\/","og_locale":"es_ES","og_type":"article","og_title":"Realizada la 2\u00aa etapa de la Vuelta a Tolosaldea entre Berastegi y Urto - Urdaburu","og_description":"Ayer, 19 de marzo, hicimos la 2\u00aa etapa de la Vuelta a Tolosaldea entre Berastegi y Urto. Fuimos unos 70 participantes y dos autobuses. Esta","og_url":"https:\/\/urdaburu.eus\/es\/2022\/03\/realizada-la-2a-etapa-de-la-vuelta-a-tolosaldea-entre-berastegi-y-urto\/","og_site_name":"Urdaburu","article_published_time":"2022-03-20T20:28:23+00:00","article_modified_time":"2022-03-20T20:28:25+00:00","og_image":[{"url":"https:\/\/db3pap007files.storage.live.com\/y4mCrVs9nk0nM9kN8ulpsK3C0RxTNMcKBu0sP55oSg9LnVA0mRIRAQX8sXTZHhVU5yy4BTSyff8lRdwdrCiyPKZqVRsK7Y4KBy4ooFJz90cH3AopTeZaoDqnpcFl5lLDkcn5bWbrSyoCO5hmIt_DQx_UXYyKRtn2_H_ND7qLBLGe5I?width=1600&amp;height=1200&amp;cropmode=none"}],"twitter_card":"summary_large_image","twitter_misc":{"Written by":"Urdaburu ME","Est. reading time":"1 minuto"},"schema":{"@context":"https:\/\/schema.org","@graph":[{"@type":"WebSite","@id":"https:\/\/urdaburu.eus\/#website","url":"https:\/\/urdaburu.eus\/","name":"Urdaburu","description":"Grupo de Monta\u00f1a ","potentialAction":[{"@type":"SearchAction","target":{"@type":"EntryPoint","urlTemplate":"https:\/\/urdaburu.eus\/?s={search_term_string}"},"query-input":"required name=search_term_string"}],"inLanguage":"es"},{"@type":"ImageObject","inLanguage":"es","@id":"https:\/\/urdaburu.eus\/es\/2022\/03\/realizada-la-2a-etapa-de-la-vuelta-a-tolosaldea-entre-berastegi-y-urto\/#primaryimage","url":"https:\/\/db3pap007files.storage.live.com\/y4mCrVs9nk0nM9kN8ulpsK3C0RxTNMcKBu0sP55oSg9LnVA0mRIRAQX8sXTZHhVU5yy4BTSyff8lRdwdrCiyPKZqVRsK7Y4KBy4ooFJz90cH3AopTeZaoDqnpcFl5lLDkcn5bWbrSyoCO5hmIt_DQx_UXYyKRtn2_H_ND7qLBLGe5I?width=1600&amp;height=1200&amp;cropmode=none","contentUrl":"https:\/\/db3pap007files.storage.live.com\/y4mCrVs9nk0nM9kN8ulpsK3C0RxTNMcKBu0sP55oSg9LnVA0mRIRAQX8sXTZHhVU5yy4BTSyff8lRdwdrCiyPKZqVRsK7Y4KBy4ooFJz90cH3AopTeZaoDqnpcFl5lLDkcn5bWbrSyoCO5hmIt_DQx_UXYyKRtn2_H_ND7qLBLGe5I?width=1600&amp;height=1200&amp;cropmode=none"},{"@type":"WebPage","@id":"https:\/\/urdaburu.eus\/es\/2022\/03\/realizada-la-2a-etapa-de-la-vuelta-a-tolosaldea-entre-berastegi-y-urto\/#webpage","url":"https:\/\/urdaburu.eus\/es\/2022\/03\/realizada-la-2a-etapa-de-la-vuelta-a-tolosaldea-entre-berastegi-y-urto\/","name":"Realizada la 2\u00aa etapa de la Vuelta a Tolosaldea entre Berastegi y Urto - Urdaburu","isPartOf":{"@id":"https:\/\/urdaburu.eus\/#website"},"primaryImageOfPage":{"@id":"https:\/\/urdaburu.eus\/es\/2022\/03\/realizada-la-2a-etapa-de-la-vuelta-a-tolosaldea-entre-berastegi-y-urto\/#primaryimage"},"datePublished":"2022-03-20T20:28:23+00:00","dateModified":"2022-03-20T20:28:25+00:00","author":{"@id":"https:\/\/urdaburu.eus\/#\/schema\/person\/59c2f9f1cd8601668d2f60d21c4e8c28"},"breadcrumb":{"@id":"https:\/\/urdaburu.eus\/es\/2022\/03\/realizada-la-2a-etapa-de-la-vuelta-a-tolosaldea-entre-berastegi-y-urto\/#breadcrumb"},"inLanguage":"es","potentialAction":[{"@type":"ReadAction","target":["https:\/\/urdaburu.eus\/es\/2022\/03\/realizada-la-2a-etapa-de-la-vuelta-a-tolosaldea-entre-berastegi-y-urto\/"]}]},{"@type":"BreadcrumbList","@id":"https:\/\/urdaburu.eus\/es\/2022\/03\/realizada-la-2a-etapa-de-la-vuelta-a-tolosaldea-entre-berastegi-y-urto\/#breadcrumb","itemListElement":[{"@type":"ListItem","position":1,"name":"Home","item":"https:\/\/urdaburu.eus\/es\/"},{"@type":"ListItem","position":2,"name":"Realizada la 2\u00aa etapa de la Vuelta a Tolosaldea entre Berastegi y Urto"}]},{"@type":"Person","@id":"https:\/\/urdaburu.eus\/#\/schema\/person\/59c2f9f1cd8601668d2f60d21c4e8c28","name":"Urdaburu ME","image":{"@type":"ImageObject","inLanguage":"es","@id":"https:\/\/urdaburu.eus\/#\/schema\/person\/image\/","url":"https:\/\/secure.gravatar.com\/avatar\/fa57267273759411cf56b0de412e3780?s=96&d=mm&r=g","contentUrl":"https:\/\/secure.gravatar.com\/avatar\/fa57267273759411cf56b0de412e3780?s=96&d=mm&r=g","caption":"Urdaburu ME"},"url":"https:\/\/urdaburu.eus\/es\/author\/iprieto\/"}]}},"_links":{"self":[{"href":"https:\/\/urdaburu.eus\/es\/wp-json\/wp\/v2\/posts\/3964"}],"collection":[{"href":"https:\/\/urdaburu.eus\/es\/wp-json\/wp\/v2\/posts"}],"about":[{"href":"https:\/\/urdaburu.eus\/es\/wp-json\/wp\/v2\/types\/post"}],"author":[{"embeddable":true,"href":"https:\/\/urdaburu.eus\/es\/wp-json\/wp\/v2\/users\/4"}],"replies":[{"embeddable":true,"href":"https:\/\/urdaburu.eus\/es\/wp-json\/wp\/v2\/comments?post=3964"}],"version-history":[{"count":1,"href":"https:\/\/urdaburu.eus\/es\/wp-json\/wp\/v2\/posts\/3964\/revisions"}],"predecessor-version":[{"id":3965,"href":"https:\/\/urdaburu.eus\/es\/wp-json\/wp\/v2\/posts\/3964\/revisions\/3965"}],"wp:attachment":[{"href":"https:\/\/urdaburu.eus\/es\/wp-json\/wp\/v2\/media?parent=3964"}],"wp:term":[{"taxonomy":"category","embeddable":true,"href":"https:\/\/urdaburu.eus\/es\/wp-json\/wp\/v2\/categories?post=3964"},{"taxonomy":"post_tag","embeddable":true,"href":"https:\/\/urdaburu.eus\/es\/wp-json\/wp\/v2\/tags?post=3964"}],"curies":[{"name":"wp","href":"https:\/\/api.w.org\/{rel}","templated":true}]}}