{"id":4051,"date":"2022-05-01T21:48:50","date_gmt":"2022-05-01T20:48:50","guid":{"rendered":"https:\/\/urdaburu.eus\/?p=4051"},"modified":"2022-05-01T21:48:53","modified_gmt":"2022-05-01T20:48:53","slug":"ayer-realizamos-la-salida-a-tolono-con-visita-a-bodega-y-comida","status":"publish","type":"post","link":"https:\/\/urdaburu.eus\/es\/2022\/05\/ayer-realizamos-la-salida-a-tolono-con-visita-a-bodega-y-comida\/","title":{"rendered":"Ayer realizamos la salida a Tolo\u00f1o con visita a bodega y comida"},"content":{"rendered":"\n<p>Ayer 30 de abril realizamos una \u00absalida bodeguera\u00bb. En primer lugar, hicimos una corta pero bonita excursi\u00f3n monta\u00f1era, donde el tiempo nos acompa\u00f1\u00f3, ascendiendo al monte Tolo\u00f1o desde el puerto de Rivas de Tereso y terminando en la ermita de San Gin\u00e9s (Labastida). Despu\u00e9s visitamos la bodega \u00abSonsierra\u00bb de San Vicente de la Sonsierra, donde muchos luego compraron vino. Y para finalizar, comimos en el restaurante Alai de Labastida. Unas fotos de la salida:<br><strong>VER FOTOS: <a target=\"_BLANK\" href=\"https:\/\/1drv.ms\/u\/s!AnW98S0PQXjTgcBs06uTYM4_VVk74g?e=cTjbJg\" rel=\"noreferrer noopener\">AQUI<\/a><\/strong><\/p>\n\n\n\n<figure class=\"wp-block-image\"><img src=\"https:\/\/db3pap007files.storage.live.com\/y4m0D_3h7hSp1ANvShXkeCu-QEHWMTbsjVCKJiYtCy5LQcqkcwxuzVnhE1pEWFq9GgVSQCpAX-CRG_Hetz64Fn0-6X_O6iH7KYOnAExQuxj8uCcgscUyB5znoVWnHgmtK7qgxdtF5SSR6eYufS2RGIi2YeiQ8Lq5cNX1tOW2y237VM?width=1600&amp;height=1200&amp;cropmode=none\" alt=\"\"\/><\/figure>\n\n\n\n<figure class=\"wp-block-image\"><img src=\"https:\/\/db3pap007files.storage.live.com\/y4mggfAix1ihKEg75LM-mteFqIgSwI714c3AT9eOT6iSA6wto7Q0g5tMruN85eRNpD_z5VsbsyHVmP0u6o6JuW8NqmArXvElhQEuC1L5R-SXkJIHHYys7M3F3mx2QcIFtAptZhKGMIC7FfFJge_94fzKyK5aPH_80MytkUT7nP-OBM?width=1600&amp;height=1200&amp;cropmode=none\" alt=\"\"\/><\/figure>\n\n\n\n<figure class=\"wp-block-image\"><img src=\"https:\/\/db3pap007files.storage.live.com\/y4mNwjaQuoEXf4Ic0XL8IqxRJIPSVbmJYKVl4BSROEJkil40kz0r8SChmsfsUVApSLdY0b8qgk8IzahiXx4aCdrXK7xnIoLrO3rCzrzXIs2Qc5RwTWONZXdb25j3RsWsecLkEtmQDeq7R8JC4hrK7LzN4RHiU1cbQ4o6mUBAUFzLVY?width=1600&amp;height=1200&amp;cropmode=none\" alt=\"\"\/><\/figure>\n","protected":false},"excerpt":{"rendered":"<p>Ayer 30 de abril realizamos una \u00absalida bodeguera\u00bb. En primer lugar, hicimos una corta pero bonita excursi\u00f3n monta\u00f1era, donde el tiempo nos acompa\u00f1\u00f3, ascendiendo al<\/p>\n","protected":false},"author":4,"featured_media":0,"comment_status":"closed","ping_status":"closed","sticky":false,"template":"","format":"standard","meta":[],"categories":[3],"tags":[],"yoast_head":"<!-- This site is optimized with the Yoast SEO plugin v19.1 - https:\/\/yoast.com\/wordpress\/plugins\/seo\/ -->\n<title>Ayer realizamos la salida a Tolo\u00f1o con visita a bodega y comida - Urdaburu<\/title>\n<meta name=\"robots\" content=\"index, follow, max-snippet:-1, max-image-preview:large, max-video-preview:-1\" \/>\n<link rel=\"canonical\" href=\"https:\/\/urdaburu.eus\/es\/2022\/05\/ayer-realizamos-la-salida-a-tolono-con-visita-a-bodega-y-comida\/\" \/>\n<meta property=\"og:locale\" content=\"es_ES\" \/>\n<meta property=\"og:type\" content=\"article\" \/>\n<meta property=\"og:title\" content=\"Ayer realizamos la salida a Tolo\u00f1o con visita a bodega y comida - Urdaburu\" \/>\n<meta property=\"og:description\" content=\"Ayer 30 de abril realizamos una \u00absalida bodeguera\u00bb. En primer lugar, hicimos una corta pero bonita excursi\u00f3n monta\u00f1era, donde el tiempo nos acompa\u00f1\u00f3, ascendiendo al\" \/>\n<meta property=\"og:url\" content=\"https:\/\/urdaburu.eus\/es\/2022\/05\/ayer-realizamos-la-salida-a-tolono-con-visita-a-bodega-y-comida\/\" \/>\n<meta property=\"og:site_name\" content=\"Urdaburu\" \/>\n<meta property=\"article:published_time\" content=\"2022-05-01T20:48:50+00:00\" \/>\n<meta property=\"article:modified_time\" content=\"2022-05-01T20:48:53+00:00\" \/>\n<meta property=\"og:image\" content=\"https:\/\/db3pap007files.storage.live.com\/y4m0D_3h7hSp1ANvShXkeCu-QEHWMTbsjVCKJiYtCy5LQcqkcwxuzVnhE1pEWFq9GgVSQCpAX-CRG_Hetz64Fn0-6X_O6iH7KYOnAExQuxj8uCcgscUyB5znoVWnHgmtK7qgxdtF5SSR6eYufS2RGIi2YeiQ8Lq5cNX1tOW2y237VM?width=1600&#038;height=1200&#038;cropmode=none\" \/>\n<meta name=\"twitter:card\" content=\"summary_large_image\" \/>\n<meta name=\"twitter:label1\" content=\"Written by\" \/>\n\t<meta name=\"twitter:data1\" content=\"Urdaburu ME\" \/>\n\t<meta name=\"twitter:label2\" content=\"Est. reading time\" \/>\n\t<meta name=\"twitter:data2\" content=\"1 minuto\" \/>\n<script type=\"application\/ld+json\" class=\"yoast-schema-graph\">{\"@context\":\"https:\/\/schema.org\",\"@graph\":[{\"@type\":\"WebSite\",\"@id\":\"https:\/\/urdaburu.eus\/#website\",\"url\":\"https:\/\/urdaburu.eus\/\",\"name\":\"Urdaburu\",\"description\":\"Grupo de Monta\u00f1a \",\"potentialAction\":[{\"@type\":\"SearchAction\",\"target\":{\"@type\":\"EntryPoint\",\"urlTemplate\":\"https:\/\/urdaburu.eus\/?s={search_term_string}\"},\"query-input\":\"required name=search_term_string\"}],\"inLanguage\":\"es\"},{\"@type\":\"ImageObject\",\"inLanguage\":\"es\",\"@id\":\"https:\/\/urdaburu.eus\/es\/2022\/05\/ayer-realizamos-la-salida-a-tolono-con-visita-a-bodega-y-comida\/#primaryimage\",\"url\":\"https:\/\/db3pap007files.storage.live.com\/y4m0D_3h7hSp1ANvShXkeCu-QEHWMTbsjVCKJiYtCy5LQcqkcwxuzVnhE1pEWFq9GgVSQCpAX-CRG_Hetz64Fn0-6X_O6iH7KYOnAExQuxj8uCcgscUyB5znoVWnHgmtK7qgxdtF5SSR6eYufS2RGIi2YeiQ8Lq5cNX1tOW2y237VM?width=1600&amp;height=1200&amp;cropmode=none\",\"contentUrl\":\"https:\/\/db3pap007files.storage.live.com\/y4m0D_3h7hSp1ANvShXkeCu-QEHWMTbsjVCKJiYtCy5LQcqkcwxuzVnhE1pEWFq9GgVSQCpAX-CRG_Hetz64Fn0-6X_O6iH7KYOnAExQuxj8uCcgscUyB5znoVWnHgmtK7qgxdtF5SSR6eYufS2RGIi2YeiQ8Lq5cNX1tOW2y237VM?width=1600&amp;height=1200&amp;cropmode=none\"},{\"@type\":\"WebPage\",\"@id\":\"https:\/\/urdaburu.eus\/es\/2022\/05\/ayer-realizamos-la-salida-a-tolono-con-visita-a-bodega-y-comida\/#webpage\",\"url\":\"https:\/\/urdaburu.eus\/es\/2022\/05\/ayer-realizamos-la-salida-a-tolono-con-visita-a-bodega-y-comida\/\",\"name\":\"Ayer realizamos la salida a Tolo\u00f1o con visita a bodega y comida - Urdaburu\",\"isPartOf\":{\"@id\":\"https:\/\/urdaburu.eus\/#website\"},\"primaryImageOfPage\":{\"@id\":\"https:\/\/urdaburu.eus\/es\/2022\/05\/ayer-realizamos-la-salida-a-tolono-con-visita-a-bodega-y-comida\/#primaryimage\"},\"datePublished\":\"2022-05-01T20:48:50+00:00\",\"dateModified\":\"2022-05-01T20:48:53+00:00\",\"author\":{\"@id\":\"https:\/\/urdaburu.eus\/#\/schema\/person\/59c2f9f1cd8601668d2f60d21c4e8c28\"},\"breadcrumb\":{\"@id\":\"https:\/\/urdaburu.eus\/es\/2022\/05\/ayer-realizamos-la-salida-a-tolono-con-visita-a-bodega-y-comida\/#breadcrumb\"},\"inLanguage\":\"es\",\"potentialAction\":[{\"@type\":\"ReadAction\",\"target\":[\"https:\/\/urdaburu.eus\/es\/2022\/05\/ayer-realizamos-la-salida-a-tolono-con-visita-a-bodega-y-comida\/\"]}]},{\"@type\":\"BreadcrumbList\",\"@id\":\"https:\/\/urdaburu.eus\/es\/2022\/05\/ayer-realizamos-la-salida-a-tolono-con-visita-a-bodega-y-comida\/#breadcrumb\",\"itemListElement\":[{\"@type\":\"ListItem\",\"position\":1,\"name\":\"Home\",\"item\":\"https:\/\/urdaburu.eus\/es\/\"},{\"@type\":\"ListItem\",\"position\":2,\"name\":\"Ayer realizamos la salida a Tolo\u00f1o con visita a bodega y comida\"}]},{\"@type\":\"Person\",\"@id\":\"https:\/\/urdaburu.eus\/#\/schema\/person\/59c2f9f1cd8601668d2f60d21c4e8c28\",\"name\":\"Urdaburu ME\",\"image\":{\"@type\":\"ImageObject\",\"inLanguage\":\"es\",\"@id\":\"https:\/\/urdaburu.eus\/#\/schema\/person\/image\/\",\"url\":\"https:\/\/secure.gravatar.com\/avatar\/fa57267273759411cf56b0de412e3780?s=96&d=mm&r=g\",\"contentUrl\":\"https:\/\/secure.gravatar.com\/avatar\/fa57267273759411cf56b0de412e3780?s=96&d=mm&r=g\",\"caption\":\"Urdaburu ME\"},\"url\":\"https:\/\/urdaburu.eus\/es\/author\/iprieto\/\"}]}<\/script>\n<!-- \/ Yoast SEO plugin. -->","yoast_head_json":{"title":"Ayer realizamos la salida a Tolo\u00f1o con visita a bodega y comida - Urdaburu","robots":{"index":"index","follow":"follow","max-snippet":"max-snippet:-1","max-image-preview":"max-image-preview:large","max-video-preview":"max-video-preview:-1"},"canonical":"https:\/\/urdaburu.eus\/es\/2022\/05\/ayer-realizamos-la-salida-a-tolono-con-visita-a-bodega-y-comida\/","og_locale":"es_ES","og_type":"article","og_title":"Ayer realizamos la salida a Tolo\u00f1o con visita a bodega y comida - Urdaburu","og_description":"Ayer 30 de abril realizamos una \u00absalida bodeguera\u00bb. En primer lugar, hicimos una corta pero bonita excursi\u00f3n monta\u00f1era, donde el tiempo nos acompa\u00f1\u00f3, ascendiendo al","og_url":"https:\/\/urdaburu.eus\/es\/2022\/05\/ayer-realizamos-la-salida-a-tolono-con-visita-a-bodega-y-comida\/","og_site_name":"Urdaburu","article_published_time":"2022-05-01T20:48:50+00:00","article_modified_time":"2022-05-01T20:48:53+00:00","og_image":[{"url":"https:\/\/db3pap007files.storage.live.com\/y4m0D_3h7hSp1ANvShXkeCu-QEHWMTbsjVCKJiYtCy5LQcqkcwxuzVnhE1pEWFq9GgVSQCpAX-CRG_Hetz64Fn0-6X_O6iH7KYOnAExQuxj8uCcgscUyB5znoVWnHgmtK7qgxdtF5SSR6eYufS2RGIi2YeiQ8Lq5cNX1tOW2y237VM?width=1600&amp;height=1200&amp;cropmode=none"}],"twitter_card":"summary_large_image","twitter_misc":{"Written by":"Urdaburu ME","Est. reading time":"1 minuto"},"schema":{"@context":"https:\/\/schema.org","@graph":[{"@type":"WebSite","@id":"https:\/\/urdaburu.eus\/#website","url":"https:\/\/urdaburu.eus\/","name":"Urdaburu","description":"Grupo de Monta\u00f1a ","potentialAction":[{"@type":"SearchAction","target":{"@type":"EntryPoint","urlTemplate":"https:\/\/urdaburu.eus\/?s={search_term_string}"},"query-input":"required name=search_term_string"}],"inLanguage":"es"},{"@type":"ImageObject","inLanguage":"es","@id":"https:\/\/urdaburu.eus\/es\/2022\/05\/ayer-realizamos-la-salida-a-tolono-con-visita-a-bodega-y-comida\/#primaryimage","url":"https:\/\/db3pap007files.storage.live.com\/y4m0D_3h7hSp1ANvShXkeCu-QEHWMTbsjVCKJiYtCy5LQcqkcwxuzVnhE1pEWFq9GgVSQCpAX-CRG_Hetz64Fn0-6X_O6iH7KYOnAExQuxj8uCcgscUyB5znoVWnHgmtK7qgxdtF5SSR6eYufS2RGIi2YeiQ8Lq5cNX1tOW2y237VM?width=1600&amp;height=1200&amp;cropmode=none","contentUrl":"https:\/\/db3pap007files.storage.live.com\/y4m0D_3h7hSp1ANvShXkeCu-QEHWMTbsjVCKJiYtCy5LQcqkcwxuzVnhE1pEWFq9GgVSQCpAX-CRG_Hetz64Fn0-6X_O6iH7KYOnAExQuxj8uCcgscUyB5znoVWnHgmtK7qgxdtF5SSR6eYufS2RGIi2YeiQ8Lq5cNX1tOW2y237VM?width=1600&amp;height=1200&amp;cropmode=none"},{"@type":"WebPage","@id":"https:\/\/urdaburu.eus\/es\/2022\/05\/ayer-realizamos-la-salida-a-tolono-con-visita-a-bodega-y-comida\/#webpage","url":"https:\/\/urdaburu.eus\/es\/2022\/05\/ayer-realizamos-la-salida-a-tolono-con-visita-a-bodega-y-comida\/","name":"Ayer realizamos la salida a Tolo\u00f1o con visita a bodega y comida - Urdaburu","isPartOf":{"@id":"https:\/\/urdaburu.eus\/#website"},"primaryImageOfPage":{"@id":"https:\/\/urdaburu.eus\/es\/2022\/05\/ayer-realizamos-la-salida-a-tolono-con-visita-a-bodega-y-comida\/#primaryimage"},"datePublished":"2022-05-01T20:48:50+00:00","dateModified":"2022-05-01T20:48:53+00:00","author":{"@id":"https:\/\/urdaburu.eus\/#\/schema\/person\/59c2f9f1cd8601668d2f60d21c4e8c28"},"breadcrumb":{"@id":"https:\/\/urdaburu.eus\/es\/2022\/05\/ayer-realizamos-la-salida-a-tolono-con-visita-a-bodega-y-comida\/#breadcrumb"},"inLanguage":"es","potentialAction":[{"@type":"ReadAction","target":["https:\/\/urdaburu.eus\/es\/2022\/05\/ayer-realizamos-la-salida-a-tolono-con-visita-a-bodega-y-comida\/"]}]},{"@type":"BreadcrumbList","@id":"https:\/\/urdaburu.eus\/es\/2022\/05\/ayer-realizamos-la-salida-a-tolono-con-visita-a-bodega-y-comida\/#breadcrumb","itemListElement":[{"@type":"ListItem","position":1,"name":"Home","item":"https:\/\/urdaburu.eus\/es\/"},{"@type":"ListItem","position":2,"name":"Ayer realizamos la salida a Tolo\u00f1o con visita a bodega y comida"}]},{"@type":"Person","@id":"https:\/\/urdaburu.eus\/#\/schema\/person\/59c2f9f1cd8601668d2f60d21c4e8c28","name":"Urdaburu ME","image":{"@type":"ImageObject","inLanguage":"es","@id":"https:\/\/urdaburu.eus\/#\/schema\/person\/image\/","url":"https:\/\/secure.gravatar.com\/avatar\/fa57267273759411cf56b0de412e3780?s=96&d=mm&r=g","contentUrl":"https:\/\/secure.gravatar.com\/avatar\/fa57267273759411cf56b0de412e3780?s=96&d=mm&r=g","caption":"Urdaburu ME"},"url":"https:\/\/urdaburu.eus\/es\/author\/iprieto\/"}]}},"_links":{"self":[{"href":"https:\/\/urdaburu.eus\/es\/wp-json\/wp\/v2\/posts\/4051"}],"collection":[{"href":"https:\/\/urdaburu.eus\/es\/wp-json\/wp\/v2\/posts"}],"about":[{"href":"https:\/\/urdaburu.eus\/es\/wp-json\/wp\/v2\/types\/post"}],"author":[{"embeddable":true,"href":"https:\/\/urdaburu.eus\/es\/wp-json\/wp\/v2\/users\/4"}],"replies":[{"embeddable":true,"href":"https:\/\/urdaburu.eus\/es\/wp-json\/wp\/v2\/comments?post=4051"}],"version-history":[{"count":1,"href":"https:\/\/urdaburu.eus\/es\/wp-json\/wp\/v2\/posts\/4051\/revisions"}],"predecessor-version":[{"id":4052,"href":"https:\/\/urdaburu.eus\/es\/wp-json\/wp\/v2\/posts\/4051\/revisions\/4052"}],"wp:attachment":[{"href":"https:\/\/urdaburu.eus\/es\/wp-json\/wp\/v2\/media?parent=4051"}],"wp:term":[{"taxonomy":"category","embeddable":true,"href":"https:\/\/urdaburu.eus\/es\/wp-json\/wp\/v2\/categories?post=4051"},{"taxonomy":"post_tag","embeddable":true,"href":"https:\/\/urdaburu.eus\/es\/wp-json\/wp\/v2\/tags?post=4051"}],"curies":[{"name":"wp","href":"https:\/\/api.w.org\/{rel}","templated":true}]}}