{"id":4277,"date":"2022-09-13T20:20:23","date_gmt":"2022-09-13T19:20:23","guid":{"rendered":"https:\/\/urdaburu.eus\/?p=4277"},"modified":"2022-09-13T20:20:25","modified_gmt":"2022-09-13T19:20:25","slug":"certamen-fotografico-de-montana-2022-memorial-jesus-hospitaler","status":"publish","type":"post","link":"https:\/\/urdaburu.eus\/es\/2022\/09\/certamen-fotografico-de-montana-2022-memorial-jesus-hospitaler\/","title":{"rendered":"CERTAMEN FOTOGR\u00c1FICO DE MONTA\u00d1A 2022. MEMORIAL JESUS HOSPITALER"},"content":{"rendered":"\n<p>Desde Urdaburu Mendizale Elkartea queremos&nbsp;<strong>animaros a participar&nbsp;<\/strong>en el CONCURSO DE FOTOGRAF\u00cdA DE MONTA\u00d1A, que hemos organizado,&nbsp;<strong>y os queremos recordar que:<\/strong><\/p>\n\n\n\n<ul><li><strong>El plazo de entrega de las obras comienza el d\u00eda 20 de septiembre y finalizar\u00e1 el d\u00eda 20 de octubre de 2022.<\/strong><\/li><li>El certamen est\u00e1 abierto a todas las personas aficionadas a la fotograf\u00eda, que no sean profesionales y residentes en Euskal Herria (CAV, Navarra e Iparralde).<\/li><li>Las personas participantes deber\u00e1n enviar un m\u00e1ximo de\u00a0<strong>3 fotograf\u00edas en formato digital.<\/strong><\/li><li>La participaci\u00f3n es gratuita.<\/li><li><strong>El tema de esta edici\u00f3n ser\u00e1: \u00abActividad deportiva en la monta\u00f1a\u00bb<\/strong><\/li><li>Las fotograf\u00edas deber\u00e1n ser presentadas en soporte digital, CD, DVD, Pen-drive, en el local social de Urdaburu M.E. Juan de Olaz\u00e1bal 23 los martes y jueves de 19:00 a 21:00h, o enviadas a la siguiente direcci\u00f3n de correo electr\u00f3nico:\u00a0<a href=\"mailto:urdaburu.mendi@gmail.com\" target=\"_blank\" rel=\"noreferrer noopener\">urdaburu.mendi@gmail.com<\/a>.<\/li><li>\u00danicamente se admitir\u00e1n fotograf\u00edas en formato JPG.<\/li><li>Ser\u00e1 necesario\u00a0<strong>presentar o enviar dos carpetas,\u00a0<\/strong>una conteniendo fotograf\u00edas y t\u00edtulo de cada una, y otra denominada \u00abIdentificaci\u00f3n de la persona autora\u00bb, conteniendo: nombre y apellidos, DNI, direcci\u00f3n postal, tel\u00e9fono de contacto, correo electr\u00f3nico y t\u00edtulo de las fotograf\u00edas presentadas que deber\u00e1 coincidir con el de la otra carpeta.<\/li><\/ul>\n\n\n\n<p>\u00a1An\u00edmate!<\/p>\n","protected":false},"excerpt":{"rendered":"<p>Desde Urdaburu Mendizale Elkartea queremos&nbsp;animaros a participar&nbsp;en el CONCURSO DE FOTOGRAF\u00cdA DE MONTA\u00d1A, que hemos organizado,&nbsp;y os queremos recordar que: El plazo de entrega de<\/p>\n","protected":false},"author":2,"featured_media":4278,"comment_status":"closed","ping_status":"closed","sticky":false,"template":"","format":"standard","meta":[],"categories":[62,3],"tags":[],"yoast_head":"<!-- This site is optimized with the Yoast SEO plugin v19.1 - https:\/\/yoast.com\/wordpress\/plugins\/seo\/ -->\n<title>CERTAMEN FOTOGR\u00c1FICO DE MONTA\u00d1A 2022. MEMORIAL JESUS HOSPITALER - Urdaburu<\/title>\n<meta name=\"robots\" content=\"index, follow, max-snippet:-1, max-image-preview:large, max-video-preview:-1\" \/>\n<link rel=\"canonical\" href=\"https:\/\/urdaburu.eus\/es\/2022\/09\/certamen-fotografico-de-montana-2022-memorial-jesus-hospitaler\/\" \/>\n<meta property=\"og:locale\" content=\"es_ES\" \/>\n<meta property=\"og:type\" content=\"article\" \/>\n<meta property=\"og:title\" content=\"CERTAMEN FOTOGR\u00c1FICO DE MONTA\u00d1A 2022. MEMORIAL JESUS HOSPITALER - Urdaburu\" \/>\n<meta property=\"og:description\" content=\"Desde Urdaburu Mendizale Elkartea queremos&nbsp;animaros a participar&nbsp;en el CONCURSO DE FOTOGRAF\u00cdA DE MONTA\u00d1A, que hemos organizado,&nbsp;y os queremos recordar que: El plazo de entrega de\" \/>\n<meta property=\"og:url\" content=\"https:\/\/urdaburu.eus\/es\/2022\/09\/certamen-fotografico-de-montana-2022-memorial-jesus-hospitaler\/\" \/>\n<meta property=\"og:site_name\" content=\"Urdaburu\" \/>\n<meta property=\"article:published_time\" content=\"2022-09-13T19:20:23+00:00\" \/>\n<meta property=\"article:modified_time\" content=\"2022-09-13T19:20:25+00:00\" \/>\n<meta property=\"og:image\" content=\"https:\/\/urdaburu.eus\/app\/uploads\/2022\/09\/TRIPTICO-CASTELLANO-scaled.jpg\" \/>\n\t<meta property=\"og:image:width\" content=\"2560\" \/>\n\t<meta property=\"og:image:height\" content=\"1810\" \/>\n\t<meta property=\"og:image:type\" content=\"image\/jpeg\" \/>\n<meta name=\"twitter:card\" content=\"summary_large_image\" \/>\n<meta name=\"twitter:label1\" content=\"Written by\" \/>\n\t<meta name=\"twitter:data1\" content=\"Urdaburu\" \/>\n\t<meta name=\"twitter:label2\" content=\"Est. reading time\" \/>\n\t<meta name=\"twitter:data2\" content=\"2 minutos\" \/>\n<script type=\"application\/ld+json\" class=\"yoast-schema-graph\">{\"@context\":\"https:\/\/schema.org\",\"@graph\":[{\"@type\":\"WebSite\",\"@id\":\"https:\/\/urdaburu.eus\/#website\",\"url\":\"https:\/\/urdaburu.eus\/\",\"name\":\"Urdaburu\",\"description\":\"Grupo de Monta\u00f1a \",\"potentialAction\":[{\"@type\":\"SearchAction\",\"target\":{\"@type\":\"EntryPoint\",\"urlTemplate\":\"https:\/\/urdaburu.eus\/?s={search_term_string}\"},\"query-input\":\"required name=search_term_string\"}],\"inLanguage\":\"es\"},{\"@type\":\"ImageObject\",\"inLanguage\":\"es\",\"@id\":\"https:\/\/urdaburu.eus\/es\/2022\/09\/certamen-fotografico-de-montana-2022-memorial-jesus-hospitaler\/#primaryimage\",\"url\":\"\/app\/uploads\/2022\/09\/TRIPTICO-CASTELLANO-scaled.jpg\",\"contentUrl\":\"\/app\/uploads\/2022\/09\/TRIPTICO-CASTELLANO-scaled.jpg\",\"width\":2560,\"height\":1810},{\"@type\":\"WebPage\",\"@id\":\"https:\/\/urdaburu.eus\/es\/2022\/09\/certamen-fotografico-de-montana-2022-memorial-jesus-hospitaler\/#webpage\",\"url\":\"https:\/\/urdaburu.eus\/es\/2022\/09\/certamen-fotografico-de-montana-2022-memorial-jesus-hospitaler\/\",\"name\":\"CERTAMEN FOTOGR\u00c1FICO DE MONTA\u00d1A 2022. MEMORIAL JESUS HOSPITALER - Urdaburu\",\"isPartOf\":{\"@id\":\"https:\/\/urdaburu.eus\/#website\"},\"primaryImageOfPage\":{\"@id\":\"https:\/\/urdaburu.eus\/es\/2022\/09\/certamen-fotografico-de-montana-2022-memorial-jesus-hospitaler\/#primaryimage\"},\"datePublished\":\"2022-09-13T19:20:23+00:00\",\"dateModified\":\"2022-09-13T19:20:25+00:00\",\"author\":{\"@id\":\"https:\/\/urdaburu.eus\/#\/schema\/person\/516009e451ff85719b12fcd9f67a2869\"},\"breadcrumb\":{\"@id\":\"https:\/\/urdaburu.eus\/es\/2022\/09\/certamen-fotografico-de-montana-2022-memorial-jesus-hospitaler\/#breadcrumb\"},\"inLanguage\":\"es\",\"potentialAction\":[{\"@type\":\"ReadAction\",\"target\":[\"https:\/\/urdaburu.eus\/es\/2022\/09\/certamen-fotografico-de-montana-2022-memorial-jesus-hospitaler\/\"]}]},{\"@type\":\"BreadcrumbList\",\"@id\":\"https:\/\/urdaburu.eus\/es\/2022\/09\/certamen-fotografico-de-montana-2022-memorial-jesus-hospitaler\/#breadcrumb\",\"itemListElement\":[{\"@type\":\"ListItem\",\"position\":1,\"name\":\"Home\",\"item\":\"https:\/\/urdaburu.eus\/es\/\"},{\"@type\":\"ListItem\",\"position\":2,\"name\":\"CERTAMEN FOTOGR\u00c1FICO DE MONTA\u00d1A 2022. MEMORIAL JESUS HOSPITALER\"}]},{\"@type\":\"Person\",\"@id\":\"https:\/\/urdaburu.eus\/#\/schema\/person\/516009e451ff85719b12fcd9f67a2869\",\"name\":\"Urdaburu\",\"image\":{\"@type\":\"ImageObject\",\"inLanguage\":\"es\",\"@id\":\"https:\/\/urdaburu.eus\/#\/schema\/person\/image\/\",\"url\":\"https:\/\/secure.gravatar.com\/avatar\/8d332c7f045a0ada98d08782f91493a9?s=96&d=mm&r=g\",\"contentUrl\":\"https:\/\/secure.gravatar.com\/avatar\/8d332c7f045a0ada98d08782f91493a9?s=96&d=mm&r=g\",\"caption\":\"Urdaburu\"},\"url\":\"https:\/\/urdaburu.eus\/es\/author\/urdaburu\/\"}]}<\/script>\n<!-- \/ Yoast SEO plugin. -->","yoast_head_json":{"title":"CERTAMEN FOTOGR\u00c1FICO DE MONTA\u00d1A 2022. MEMORIAL JESUS HOSPITALER - Urdaburu","robots":{"index":"index","follow":"follow","max-snippet":"max-snippet:-1","max-image-preview":"max-image-preview:large","max-video-preview":"max-video-preview:-1"},"canonical":"https:\/\/urdaburu.eus\/es\/2022\/09\/certamen-fotografico-de-montana-2022-memorial-jesus-hospitaler\/","og_locale":"es_ES","og_type":"article","og_title":"CERTAMEN FOTOGR\u00c1FICO DE MONTA\u00d1A 2022. MEMORIAL JESUS HOSPITALER - Urdaburu","og_description":"Desde Urdaburu Mendizale Elkartea queremos&nbsp;animaros a participar&nbsp;en el CONCURSO DE FOTOGRAF\u00cdA DE MONTA\u00d1A, que hemos organizado,&nbsp;y os queremos recordar que: El plazo de entrega de","og_url":"https:\/\/urdaburu.eus\/es\/2022\/09\/certamen-fotografico-de-montana-2022-memorial-jesus-hospitaler\/","og_site_name":"Urdaburu","article_published_time":"2022-09-13T19:20:23+00:00","article_modified_time":"2022-09-13T19:20:25+00:00","og_image":[{"width":2560,"height":1810,"url":"https:\/\/urdaburu.eus\/app\/uploads\/2022\/09\/TRIPTICO-CASTELLANO-scaled.jpg","type":"image\/jpeg"}],"twitter_card":"summary_large_image","twitter_misc":{"Written by":"Urdaburu","Est. reading time":"2 minutos"},"schema":{"@context":"https:\/\/schema.org","@graph":[{"@type":"WebSite","@id":"https:\/\/urdaburu.eus\/#website","url":"https:\/\/urdaburu.eus\/","name":"Urdaburu","description":"Grupo de Monta\u00f1a ","potentialAction":[{"@type":"SearchAction","target":{"@type":"EntryPoint","urlTemplate":"https:\/\/urdaburu.eus\/?s={search_term_string}"},"query-input":"required name=search_term_string"}],"inLanguage":"es"},{"@type":"ImageObject","inLanguage":"es","@id":"https:\/\/urdaburu.eus\/es\/2022\/09\/certamen-fotografico-de-montana-2022-memorial-jesus-hospitaler\/#primaryimage","url":"\/app\/uploads\/2022\/09\/TRIPTICO-CASTELLANO-scaled.jpg","contentUrl":"\/app\/uploads\/2022\/09\/TRIPTICO-CASTELLANO-scaled.jpg","width":2560,"height":1810},{"@type":"WebPage","@id":"https:\/\/urdaburu.eus\/es\/2022\/09\/certamen-fotografico-de-montana-2022-memorial-jesus-hospitaler\/#webpage","url":"https:\/\/urdaburu.eus\/es\/2022\/09\/certamen-fotografico-de-montana-2022-memorial-jesus-hospitaler\/","name":"CERTAMEN FOTOGR\u00c1FICO DE MONTA\u00d1A 2022. MEMORIAL JESUS HOSPITALER - Urdaburu","isPartOf":{"@id":"https:\/\/urdaburu.eus\/#website"},"primaryImageOfPage":{"@id":"https:\/\/urdaburu.eus\/es\/2022\/09\/certamen-fotografico-de-montana-2022-memorial-jesus-hospitaler\/#primaryimage"},"datePublished":"2022-09-13T19:20:23+00:00","dateModified":"2022-09-13T19:20:25+00:00","author":{"@id":"https:\/\/urdaburu.eus\/#\/schema\/person\/516009e451ff85719b12fcd9f67a2869"},"breadcrumb":{"@id":"https:\/\/urdaburu.eus\/es\/2022\/09\/certamen-fotografico-de-montana-2022-memorial-jesus-hospitaler\/#breadcrumb"},"inLanguage":"es","potentialAction":[{"@type":"ReadAction","target":["https:\/\/urdaburu.eus\/es\/2022\/09\/certamen-fotografico-de-montana-2022-memorial-jesus-hospitaler\/"]}]},{"@type":"BreadcrumbList","@id":"https:\/\/urdaburu.eus\/es\/2022\/09\/certamen-fotografico-de-montana-2022-memorial-jesus-hospitaler\/#breadcrumb","itemListElement":[{"@type":"ListItem","position":1,"name":"Home","item":"https:\/\/urdaburu.eus\/es\/"},{"@type":"ListItem","position":2,"name":"CERTAMEN FOTOGR\u00c1FICO DE MONTA\u00d1A 2022. MEMORIAL JESUS HOSPITALER"}]},{"@type":"Person","@id":"https:\/\/urdaburu.eus\/#\/schema\/person\/516009e451ff85719b12fcd9f67a2869","name":"Urdaburu","image":{"@type":"ImageObject","inLanguage":"es","@id":"https:\/\/urdaburu.eus\/#\/schema\/person\/image\/","url":"https:\/\/secure.gravatar.com\/avatar\/8d332c7f045a0ada98d08782f91493a9?s=96&d=mm&r=g","contentUrl":"https:\/\/secure.gravatar.com\/avatar\/8d332c7f045a0ada98d08782f91493a9?s=96&d=mm&r=g","caption":"Urdaburu"},"url":"https:\/\/urdaburu.eus\/es\/author\/urdaburu\/"}]}},"_links":{"self":[{"href":"https:\/\/urdaburu.eus\/es\/wp-json\/wp\/v2\/posts\/4277"}],"collection":[{"href":"https:\/\/urdaburu.eus\/es\/wp-json\/wp\/v2\/posts"}],"about":[{"href":"https:\/\/urdaburu.eus\/es\/wp-json\/wp\/v2\/types\/post"}],"author":[{"embeddable":true,"href":"https:\/\/urdaburu.eus\/es\/wp-json\/wp\/v2\/users\/2"}],"replies":[{"embeddable":true,"href":"https:\/\/urdaburu.eus\/es\/wp-json\/wp\/v2\/comments?post=4277"}],"version-history":[{"count":1,"href":"https:\/\/urdaburu.eus\/es\/wp-json\/wp\/v2\/posts\/4277\/revisions"}],"predecessor-version":[{"id":4280,"href":"https:\/\/urdaburu.eus\/es\/wp-json\/wp\/v2\/posts\/4277\/revisions\/4280"}],"wp:featuredmedia":[{"embeddable":true,"href":"https:\/\/urdaburu.eus\/es\/wp-json\/wp\/v2\/media\/4278"}],"wp:attachment":[{"href":"https:\/\/urdaburu.eus\/es\/wp-json\/wp\/v2\/media?parent=4277"}],"wp:term":[{"taxonomy":"category","embeddable":true,"href":"https:\/\/urdaburu.eus\/es\/wp-json\/wp\/v2\/categories?post=4277"},{"taxonomy":"post_tag","embeddable":true,"href":"https:\/\/urdaburu.eus\/es\/wp-json\/wp\/v2\/tags?post=4277"}],"curies":[{"name":"wp","href":"https:\/\/api.w.org\/{rel}","templated":true}]}}