{"id":4542,"date":"2022-11-03T21:05:22","date_gmt":"2022-11-03T20:05:22","guid":{"rendered":"https:\/\/urdaburu.eus\/?p=4542"},"modified":"2022-11-03T21:05:25","modified_gmt":"2022-11-03T20:05:25","slug":"emmoa-mendian-gora-exposicion","status":"publish","type":"post","link":"https:\/\/urdaburu.eus\/es\/2022\/11\/emmoa-mendian-gora-exposicion\/","title":{"rendered":"EMMOA: MENDIAN GORA exposici\u00f3n"},"content":{"rendered":"\n<p>Desde el pr\u00f3ximo 8 de noviembre (martes) hasta el 27 de noviembre, de lunes a viernes, de 19:00 a 21:00, se podr\u00e1 visitar la exposici\u00f3n sobre la historia del alpinismo vasco \u00abMendian Gora\u00bb, de la Fundaci\u00f3n EMMOA, en el local social de Urdaburu Mendizale Elkartea\u00a0(<a href=\"https:\/\/maps.google.com\/?q=Juan+de+Olazabal+23&amp;entry=gmail&amp;source=g\" target=\"_blank\" rel=\"noreferrer noopener\">Juan de Olazabal 23<\/a>, Errenteria).<\/p>\n\n\n\n<p><br><em><strong>El 8 de noviembre, a las 19:00 horas, realizaremos la inauguraci\u00f3n con una visita guiada del periodista, escritor y secretario de EMMOA, Antxon Iturriza.<\/strong><\/em><\/p>\n\n\n\n<p>An\u00edmate y ven!!<\/p>\n","protected":false},"excerpt":{"rendered":"<p>Desde el pr\u00f3ximo 8 de noviembre (martes) hasta el 27 de noviembre, de lunes a viernes, de 19:00 a 21:00, se podr\u00e1 visitar la exposici\u00f3n<\/p>\n","protected":false},"author":2,"featured_media":4540,"comment_status":"closed","ping_status":"closed","sticky":false,"template":"","format":"standard","meta":[],"categories":[3],"tags":[],"yoast_head":"<!-- This site is optimized with the Yoast SEO plugin v19.1 - https:\/\/yoast.com\/wordpress\/plugins\/seo\/ -->\n<title>EMMOA: MENDIAN GORA exposici\u00f3n - Urdaburu<\/title>\n<meta name=\"robots\" content=\"index, follow, max-snippet:-1, max-image-preview:large, max-video-preview:-1\" \/>\n<link rel=\"canonical\" href=\"https:\/\/urdaburu.eus\/es\/2022\/11\/emmoa-mendian-gora-exposicion\/\" \/>\n<meta property=\"og:locale\" content=\"es_ES\" \/>\n<meta property=\"og:type\" content=\"article\" \/>\n<meta property=\"og:title\" content=\"EMMOA: MENDIAN GORA exposici\u00f3n - Urdaburu\" \/>\n<meta property=\"og:description\" content=\"Desde el pr\u00f3ximo 8 de noviembre (martes) hasta el 27 de noviembre, de lunes a viernes, de 19:00 a 21:00, se podr\u00e1 visitar la exposici\u00f3n\" \/>\n<meta property=\"og:url\" content=\"https:\/\/urdaburu.eus\/es\/2022\/11\/emmoa-mendian-gora-exposicion\/\" \/>\n<meta property=\"og:site_name\" content=\"Urdaburu\" \/>\n<meta property=\"article:published_time\" content=\"2022-11-03T20:05:22+00:00\" \/>\n<meta property=\"article:modified_time\" content=\"2022-11-03T20:05:25+00:00\" \/>\n<meta property=\"og:image\" content=\"https:\/\/urdaburu.eus\/app\/uploads\/2022\/11\/Mendiangora-Urdaburu-RRSS.jpg\" \/>\n\t<meta property=\"og:image:width\" content=\"1182\" \/>\n\t<meta property=\"og:image:height\" content=\"1690\" \/>\n\t<meta property=\"og:image:type\" content=\"image\/jpeg\" \/>\n<meta name=\"twitter:card\" content=\"summary_large_image\" \/>\n<meta name=\"twitter:label1\" content=\"Written by\" \/>\n\t<meta name=\"twitter:data1\" content=\"Urdaburu\" \/>\n\t<meta name=\"twitter:label2\" content=\"Est. reading time\" \/>\n\t<meta name=\"twitter:data2\" content=\"1 minuto\" \/>\n<script type=\"application\/ld+json\" class=\"yoast-schema-graph\">{\"@context\":\"https:\/\/schema.org\",\"@graph\":[{\"@type\":\"WebSite\",\"@id\":\"https:\/\/urdaburu.eus\/#website\",\"url\":\"https:\/\/urdaburu.eus\/\",\"name\":\"Urdaburu\",\"description\":\"Grupo de Monta\u00f1a \",\"potentialAction\":[{\"@type\":\"SearchAction\",\"target\":{\"@type\":\"EntryPoint\",\"urlTemplate\":\"https:\/\/urdaburu.eus\/?s={search_term_string}\"},\"query-input\":\"required name=search_term_string\"}],\"inLanguage\":\"es\"},{\"@type\":\"ImageObject\",\"inLanguage\":\"es\",\"@id\":\"https:\/\/urdaburu.eus\/es\/2022\/11\/emmoa-mendian-gora-exposicion\/#primaryimage\",\"url\":\"\/app\/uploads\/2022\/11\/Mendiangora-Urdaburu-RRSS.jpg\",\"contentUrl\":\"\/app\/uploads\/2022\/11\/Mendiangora-Urdaburu-RRSS.jpg\",\"width\":1182,\"height\":1690},{\"@type\":\"WebPage\",\"@id\":\"https:\/\/urdaburu.eus\/es\/2022\/11\/emmoa-mendian-gora-exposicion\/#webpage\",\"url\":\"https:\/\/urdaburu.eus\/es\/2022\/11\/emmoa-mendian-gora-exposicion\/\",\"name\":\"EMMOA: MENDIAN GORA exposici\u00f3n - Urdaburu\",\"isPartOf\":{\"@id\":\"https:\/\/urdaburu.eus\/#website\"},\"primaryImageOfPage\":{\"@id\":\"https:\/\/urdaburu.eus\/es\/2022\/11\/emmoa-mendian-gora-exposicion\/#primaryimage\"},\"datePublished\":\"2022-11-03T20:05:22+00:00\",\"dateModified\":\"2022-11-03T20:05:25+00:00\",\"author\":{\"@id\":\"https:\/\/urdaburu.eus\/#\/schema\/person\/516009e451ff85719b12fcd9f67a2869\"},\"breadcrumb\":{\"@id\":\"https:\/\/urdaburu.eus\/es\/2022\/11\/emmoa-mendian-gora-exposicion\/#breadcrumb\"},\"inLanguage\":\"es\",\"potentialAction\":[{\"@type\":\"ReadAction\",\"target\":[\"https:\/\/urdaburu.eus\/es\/2022\/11\/emmoa-mendian-gora-exposicion\/\"]}]},{\"@type\":\"BreadcrumbList\",\"@id\":\"https:\/\/urdaburu.eus\/es\/2022\/11\/emmoa-mendian-gora-exposicion\/#breadcrumb\",\"itemListElement\":[{\"@type\":\"ListItem\",\"position\":1,\"name\":\"Home\",\"item\":\"https:\/\/urdaburu.eus\/es\/\"},{\"@type\":\"ListItem\",\"position\":2,\"name\":\"EMMOA: MENDIAN GORA exposici\u00f3n\"}]},{\"@type\":\"Person\",\"@id\":\"https:\/\/urdaburu.eus\/#\/schema\/person\/516009e451ff85719b12fcd9f67a2869\",\"name\":\"Urdaburu\",\"image\":{\"@type\":\"ImageObject\",\"inLanguage\":\"es\",\"@id\":\"https:\/\/urdaburu.eus\/#\/schema\/person\/image\/\",\"url\":\"https:\/\/secure.gravatar.com\/avatar\/8d332c7f045a0ada98d08782f91493a9?s=96&d=mm&r=g\",\"contentUrl\":\"https:\/\/secure.gravatar.com\/avatar\/8d332c7f045a0ada98d08782f91493a9?s=96&d=mm&r=g\",\"caption\":\"Urdaburu\"},\"url\":\"https:\/\/urdaburu.eus\/es\/author\/urdaburu\/\"}]}<\/script>\n<!-- \/ Yoast SEO plugin. -->","yoast_head_json":{"title":"EMMOA: MENDIAN GORA exposici\u00f3n - Urdaburu","robots":{"index":"index","follow":"follow","max-snippet":"max-snippet:-1","max-image-preview":"max-image-preview:large","max-video-preview":"max-video-preview:-1"},"canonical":"https:\/\/urdaburu.eus\/es\/2022\/11\/emmoa-mendian-gora-exposicion\/","og_locale":"es_ES","og_type":"article","og_title":"EMMOA: MENDIAN GORA exposici\u00f3n - Urdaburu","og_description":"Desde el pr\u00f3ximo 8 de noviembre (martes) hasta el 27 de noviembre, de lunes a viernes, de 19:00 a 21:00, se podr\u00e1 visitar la exposici\u00f3n","og_url":"https:\/\/urdaburu.eus\/es\/2022\/11\/emmoa-mendian-gora-exposicion\/","og_site_name":"Urdaburu","article_published_time":"2022-11-03T20:05:22+00:00","article_modified_time":"2022-11-03T20:05:25+00:00","og_image":[{"width":1182,"height":1690,"url":"https:\/\/urdaburu.eus\/app\/uploads\/2022\/11\/Mendiangora-Urdaburu-RRSS.jpg","type":"image\/jpeg"}],"twitter_card":"summary_large_image","twitter_misc":{"Written by":"Urdaburu","Est. reading time":"1 minuto"},"schema":{"@context":"https:\/\/schema.org","@graph":[{"@type":"WebSite","@id":"https:\/\/urdaburu.eus\/#website","url":"https:\/\/urdaburu.eus\/","name":"Urdaburu","description":"Grupo de Monta\u00f1a ","potentialAction":[{"@type":"SearchAction","target":{"@type":"EntryPoint","urlTemplate":"https:\/\/urdaburu.eus\/?s={search_term_string}"},"query-input":"required name=search_term_string"}],"inLanguage":"es"},{"@type":"ImageObject","inLanguage":"es","@id":"https:\/\/urdaburu.eus\/es\/2022\/11\/emmoa-mendian-gora-exposicion\/#primaryimage","url":"\/app\/uploads\/2022\/11\/Mendiangora-Urdaburu-RRSS.jpg","contentUrl":"\/app\/uploads\/2022\/11\/Mendiangora-Urdaburu-RRSS.jpg","width":1182,"height":1690},{"@type":"WebPage","@id":"https:\/\/urdaburu.eus\/es\/2022\/11\/emmoa-mendian-gora-exposicion\/#webpage","url":"https:\/\/urdaburu.eus\/es\/2022\/11\/emmoa-mendian-gora-exposicion\/","name":"EMMOA: MENDIAN GORA exposici\u00f3n - Urdaburu","isPartOf":{"@id":"https:\/\/urdaburu.eus\/#website"},"primaryImageOfPage":{"@id":"https:\/\/urdaburu.eus\/es\/2022\/11\/emmoa-mendian-gora-exposicion\/#primaryimage"},"datePublished":"2022-11-03T20:05:22+00:00","dateModified":"2022-11-03T20:05:25+00:00","author":{"@id":"https:\/\/urdaburu.eus\/#\/schema\/person\/516009e451ff85719b12fcd9f67a2869"},"breadcrumb":{"@id":"https:\/\/urdaburu.eus\/es\/2022\/11\/emmoa-mendian-gora-exposicion\/#breadcrumb"},"inLanguage":"es","potentialAction":[{"@type":"ReadAction","target":["https:\/\/urdaburu.eus\/es\/2022\/11\/emmoa-mendian-gora-exposicion\/"]}]},{"@type":"BreadcrumbList","@id":"https:\/\/urdaburu.eus\/es\/2022\/11\/emmoa-mendian-gora-exposicion\/#breadcrumb","itemListElement":[{"@type":"ListItem","position":1,"name":"Home","item":"https:\/\/urdaburu.eus\/es\/"},{"@type":"ListItem","position":2,"name":"EMMOA: MENDIAN GORA exposici\u00f3n"}]},{"@type":"Person","@id":"https:\/\/urdaburu.eus\/#\/schema\/person\/516009e451ff85719b12fcd9f67a2869","name":"Urdaburu","image":{"@type":"ImageObject","inLanguage":"es","@id":"https:\/\/urdaburu.eus\/#\/schema\/person\/image\/","url":"https:\/\/secure.gravatar.com\/avatar\/8d332c7f045a0ada98d08782f91493a9?s=96&d=mm&r=g","contentUrl":"https:\/\/secure.gravatar.com\/avatar\/8d332c7f045a0ada98d08782f91493a9?s=96&d=mm&r=g","caption":"Urdaburu"},"url":"https:\/\/urdaburu.eus\/es\/author\/urdaburu\/"}]}},"_links":{"self":[{"href":"https:\/\/urdaburu.eus\/es\/wp-json\/wp\/v2\/posts\/4542"}],"collection":[{"href":"https:\/\/urdaburu.eus\/es\/wp-json\/wp\/v2\/posts"}],"about":[{"href":"https:\/\/urdaburu.eus\/es\/wp-json\/wp\/v2\/types\/post"}],"author":[{"embeddable":true,"href":"https:\/\/urdaburu.eus\/es\/wp-json\/wp\/v2\/users\/2"}],"replies":[{"embeddable":true,"href":"https:\/\/urdaburu.eus\/es\/wp-json\/wp\/v2\/comments?post=4542"}],"version-history":[{"count":1,"href":"https:\/\/urdaburu.eus\/es\/wp-json\/wp\/v2\/posts\/4542\/revisions"}],"predecessor-version":[{"id":4543,"href":"https:\/\/urdaburu.eus\/es\/wp-json\/wp\/v2\/posts\/4542\/revisions\/4543"}],"wp:featuredmedia":[{"embeddable":true,"href":"https:\/\/urdaburu.eus\/es\/wp-json\/wp\/v2\/media\/4540"}],"wp:attachment":[{"href":"https:\/\/urdaburu.eus\/es\/wp-json\/wp\/v2\/media?parent=4542"}],"wp:term":[{"taxonomy":"category","embeddable":true,"href":"https:\/\/urdaburu.eus\/es\/wp-json\/wp\/v2\/categories?post=4542"},{"taxonomy":"post_tag","embeddable":true,"href":"https:\/\/urdaburu.eus\/es\/wp-json\/wp\/v2\/tags?post=4542"}],"curies":[{"name":"wp","href":"https:\/\/api.w.org\/{rel}","templated":true}]}}