{"id":6413,"date":"2024-05-18T22:15:34","date_gmt":"2024-05-18T21:15:34","guid":{"rendered":"https:\/\/urdaburu.eus\/2024\/05\/realizada-la-15a-etapa-de-la-vuelta-a-alava-entre-san-martin-de-losa-y-osma\/"},"modified":"2024-05-18T22:15:35","modified_gmt":"2024-05-18T21:15:35","slug":"realizada-la-15a-etapa-de-la-vuelta-a-alava-entre-san-martin-de-losa-y-osma","status":"publish","type":"post","link":"https:\/\/urdaburu.eus\/es\/2024\/05\/realizada-la-15a-etapa-de-la-vuelta-a-alava-entre-san-martin-de-losa-y-osma\/","title":{"rendered":"Realizada la 15\u00aa etapa de la Vuelta a Alava entre San Mart\u00edn de Losa y Osma"},"content":{"rendered":"\n<p>Hoy hemos completado la 15\u00aa etapa de la Vuelta a \u00c1lava desde San Mart\u00edn de Losa a Osma con 34 participantes. El tiempo se ha portado, con tan solo 5-10 minutos de lluvia muy al final. Y un recorrido bonito y agradable. Hemos partido hacia las 9:50 de San Mat\u00edn de Losa. Atravesando el pueblecito de Villalambr\u00fas hemos alcanzado al portillo de la sierra y siguiendo su cresta hemos llegado a la balsa\/presa de La Laguna. En un collado posterior hemos parado a almorzar. Por una bonita cresta hemos ascendido la cima de Risca y desde aqu\u00ed hemos descendido al pueblo de Ast\u00falez, visitando poco antes las ruinas de su castillo. Del castillo al pueblo hemos tenido el \u00fanico momento de lluvia. El \u00faltimo tramo ha ido por carretera terminando en Osma hacia las 15:10 horas. Como en ocasiones anteriores hemos ido a comer a Villanueva de Valdegov\u00eda.&#13;\n<b>VER FOTOS: <a href=\"https:\/\/www.flickr.com\/photos\/195341817@N02\/albums\/72177720317092834\" target=\"_BLANK\" rel=\"noopener\"> https:\/\/www.flickr.com\/photos\/195341817@N02\/albums\/72177720317092834<\/a><\/b><\/p>\n\n<figure class=\"wp-block-image\"><img src=\"https:\/\/live.staticflickr.com\/65535\/53730375759_e894f362c7_4k.jpg\" alt=\"\"\/><\/figure>\n\n<figure class=\"wp-block-image\"><img src=\"https:\/\/live.staticflickr.com\/65535\/53729121747_cdec7f1a71_4k.jpg\" alt=\"\"\/><\/figure>\n\n<figure class=\"wp-block-image\"><img src=\"https:\/\/live.staticflickr.com\/65535\/53730040356_2a1374541b_4k.jpg\" alt=\"\"\/><\/figure>\n","protected":false},"excerpt":{"rendered":"<p>Hoy hemos completado la 15\u00aa etapa de la Vuelta a \u00c1lava desde San Mart\u00edn de Losa a Osma con 34 participantes. El tiempo se ha<\/p>\n","protected":false},"author":4,"featured_media":0,"comment_status":"closed","ping_status":"closed","sticky":false,"template":"","format":"standard","meta":[],"categories":[48],"tags":[],"yoast_head":"<!-- This site is optimized with the Yoast SEO plugin v19.1 - https:\/\/yoast.com\/wordpress\/plugins\/seo\/ -->\n<title>Realizada la 15\u00aa etapa de la Vuelta a Alava entre San Mart\u00edn de Losa y Osma - Urdaburu<\/title>\n<meta name=\"robots\" content=\"index, follow, max-snippet:-1, max-image-preview:large, max-video-preview:-1\" \/>\n<link rel=\"canonical\" href=\"https:\/\/urdaburu.eus\/es\/2024\/05\/realizada-la-15a-etapa-de-la-vuelta-a-alava-entre-san-martin-de-losa-y-osma\/\" \/>\n<meta property=\"og:locale\" content=\"es_ES\" \/>\n<meta property=\"og:type\" content=\"article\" \/>\n<meta property=\"og:title\" content=\"Realizada la 15\u00aa etapa de la Vuelta a Alava entre San Mart\u00edn de Losa y Osma - Urdaburu\" \/>\n<meta property=\"og:description\" content=\"Hoy hemos completado la 15\u00aa etapa de la Vuelta a \u00c1lava desde San Mart\u00edn de Losa a Osma con 34 participantes. El tiempo se ha\" \/>\n<meta property=\"og:url\" content=\"https:\/\/urdaburu.eus\/es\/2024\/05\/realizada-la-15a-etapa-de-la-vuelta-a-alava-entre-san-martin-de-losa-y-osma\/\" \/>\n<meta property=\"og:site_name\" content=\"Urdaburu\" \/>\n<meta property=\"article:published_time\" content=\"2024-05-18T21:15:34+00:00\" \/>\n<meta property=\"article:modified_time\" content=\"2024-05-18T21:15:35+00:00\" \/>\n<meta property=\"og:image\" content=\"https:\/\/live.staticflickr.com\/65535\/53730375759_e894f362c7_4k.jpg\" \/>\n<meta name=\"twitter:card\" content=\"summary_large_image\" \/>\n<meta name=\"twitter:label1\" content=\"Written by\" \/>\n\t<meta name=\"twitter:data1\" content=\"Urdaburu ME\" \/>\n\t<meta name=\"twitter:label2\" content=\"Est. reading time\" \/>\n\t<meta name=\"twitter:data2\" content=\"1 minuto\" \/>\n<script type=\"application\/ld+json\" class=\"yoast-schema-graph\">{\"@context\":\"https:\/\/schema.org\",\"@graph\":[{\"@type\":\"WebSite\",\"@id\":\"https:\/\/urdaburu.eus\/#website\",\"url\":\"https:\/\/urdaburu.eus\/\",\"name\":\"Urdaburu\",\"description\":\"Grupo de Monta\u00f1a \",\"potentialAction\":[{\"@type\":\"SearchAction\",\"target\":{\"@type\":\"EntryPoint\",\"urlTemplate\":\"https:\/\/urdaburu.eus\/?s={search_term_string}\"},\"query-input\":\"required name=search_term_string\"}],\"inLanguage\":\"es\"},{\"@type\":\"ImageObject\",\"inLanguage\":\"es\",\"@id\":\"https:\/\/urdaburu.eus\/es\/2024\/05\/realizada-la-15a-etapa-de-la-vuelta-a-alava-entre-san-martin-de-losa-y-osma\/#primaryimage\",\"url\":\"https:\/\/live.staticflickr.com\/65535\/53730375759_e894f362c7_4k.jpg\",\"contentUrl\":\"https:\/\/live.staticflickr.com\/65535\/53730375759_e894f362c7_4k.jpg\"},{\"@type\":\"WebPage\",\"@id\":\"https:\/\/urdaburu.eus\/es\/2024\/05\/realizada-la-15a-etapa-de-la-vuelta-a-alava-entre-san-martin-de-losa-y-osma\/#webpage\",\"url\":\"https:\/\/urdaburu.eus\/es\/2024\/05\/realizada-la-15a-etapa-de-la-vuelta-a-alava-entre-san-martin-de-losa-y-osma\/\",\"name\":\"Realizada la 15\u00aa etapa de la Vuelta a Alava entre San Mart\u00edn de Losa y Osma - Urdaburu\",\"isPartOf\":{\"@id\":\"https:\/\/urdaburu.eus\/#website\"},\"primaryImageOfPage\":{\"@id\":\"https:\/\/urdaburu.eus\/es\/2024\/05\/realizada-la-15a-etapa-de-la-vuelta-a-alava-entre-san-martin-de-losa-y-osma\/#primaryimage\"},\"datePublished\":\"2024-05-18T21:15:34+00:00\",\"dateModified\":\"2024-05-18T21:15:35+00:00\",\"author\":{\"@id\":\"https:\/\/urdaburu.eus\/#\/schema\/person\/59c2f9f1cd8601668d2f60d21c4e8c28\"},\"breadcrumb\":{\"@id\":\"https:\/\/urdaburu.eus\/es\/2024\/05\/realizada-la-15a-etapa-de-la-vuelta-a-alava-entre-san-martin-de-losa-y-osma\/#breadcrumb\"},\"inLanguage\":\"es\",\"potentialAction\":[{\"@type\":\"ReadAction\",\"target\":[\"https:\/\/urdaburu.eus\/es\/2024\/05\/realizada-la-15a-etapa-de-la-vuelta-a-alava-entre-san-martin-de-losa-y-osma\/\"]}]},{\"@type\":\"BreadcrumbList\",\"@id\":\"https:\/\/urdaburu.eus\/es\/2024\/05\/realizada-la-15a-etapa-de-la-vuelta-a-alava-entre-san-martin-de-losa-y-osma\/#breadcrumb\",\"itemListElement\":[{\"@type\":\"ListItem\",\"position\":1,\"name\":\"Home\",\"item\":\"https:\/\/urdaburu.eus\/es\/\"},{\"@type\":\"ListItem\",\"position\":2,\"name\":\"Realizada la 15\u00aa etapa de la Vuelta a Alava entre San Mart\u00edn de Losa y Osma\"}]},{\"@type\":\"Person\",\"@id\":\"https:\/\/urdaburu.eus\/#\/schema\/person\/59c2f9f1cd8601668d2f60d21c4e8c28\",\"name\":\"Urdaburu ME\",\"image\":{\"@type\":\"ImageObject\",\"inLanguage\":\"es\",\"@id\":\"https:\/\/urdaburu.eus\/#\/schema\/person\/image\/\",\"url\":\"https:\/\/secure.gravatar.com\/avatar\/fa57267273759411cf56b0de412e3780?s=96&d=mm&r=g\",\"contentUrl\":\"https:\/\/secure.gravatar.com\/avatar\/fa57267273759411cf56b0de412e3780?s=96&d=mm&r=g\",\"caption\":\"Urdaburu ME\"},\"url\":\"https:\/\/urdaburu.eus\/es\/author\/iprieto\/\"}]}<\/script>\n<!-- \/ Yoast SEO plugin. -->","yoast_head_json":{"title":"Realizada la 15\u00aa etapa de la Vuelta a Alava entre San Mart\u00edn de Losa y Osma - Urdaburu","robots":{"index":"index","follow":"follow","max-snippet":"max-snippet:-1","max-image-preview":"max-image-preview:large","max-video-preview":"max-video-preview:-1"},"canonical":"https:\/\/urdaburu.eus\/es\/2024\/05\/realizada-la-15a-etapa-de-la-vuelta-a-alava-entre-san-martin-de-losa-y-osma\/","og_locale":"es_ES","og_type":"article","og_title":"Realizada la 15\u00aa etapa de la Vuelta a Alava entre San Mart\u00edn de Losa y Osma - Urdaburu","og_description":"Hoy hemos completado la 15\u00aa etapa de la Vuelta a \u00c1lava desde San Mart\u00edn de Losa a Osma con 34 participantes. El tiempo se ha","og_url":"https:\/\/urdaburu.eus\/es\/2024\/05\/realizada-la-15a-etapa-de-la-vuelta-a-alava-entre-san-martin-de-losa-y-osma\/","og_site_name":"Urdaburu","article_published_time":"2024-05-18T21:15:34+00:00","article_modified_time":"2024-05-18T21:15:35+00:00","og_image":[{"url":"https:\/\/live.staticflickr.com\/65535\/53730375759_e894f362c7_4k.jpg"}],"twitter_card":"summary_large_image","twitter_misc":{"Written by":"Urdaburu ME","Est. reading time":"1 minuto"},"schema":{"@context":"https:\/\/schema.org","@graph":[{"@type":"WebSite","@id":"https:\/\/urdaburu.eus\/#website","url":"https:\/\/urdaburu.eus\/","name":"Urdaburu","description":"Grupo de Monta\u00f1a ","potentialAction":[{"@type":"SearchAction","target":{"@type":"EntryPoint","urlTemplate":"https:\/\/urdaburu.eus\/?s={search_term_string}"},"query-input":"required name=search_term_string"}],"inLanguage":"es"},{"@type":"ImageObject","inLanguage":"es","@id":"https:\/\/urdaburu.eus\/es\/2024\/05\/realizada-la-15a-etapa-de-la-vuelta-a-alava-entre-san-martin-de-losa-y-osma\/#primaryimage","url":"https:\/\/live.staticflickr.com\/65535\/53730375759_e894f362c7_4k.jpg","contentUrl":"https:\/\/live.staticflickr.com\/65535\/53730375759_e894f362c7_4k.jpg"},{"@type":"WebPage","@id":"https:\/\/urdaburu.eus\/es\/2024\/05\/realizada-la-15a-etapa-de-la-vuelta-a-alava-entre-san-martin-de-losa-y-osma\/#webpage","url":"https:\/\/urdaburu.eus\/es\/2024\/05\/realizada-la-15a-etapa-de-la-vuelta-a-alava-entre-san-martin-de-losa-y-osma\/","name":"Realizada la 15\u00aa etapa de la Vuelta a Alava entre San Mart\u00edn de Losa y Osma - Urdaburu","isPartOf":{"@id":"https:\/\/urdaburu.eus\/#website"},"primaryImageOfPage":{"@id":"https:\/\/urdaburu.eus\/es\/2024\/05\/realizada-la-15a-etapa-de-la-vuelta-a-alava-entre-san-martin-de-losa-y-osma\/#primaryimage"},"datePublished":"2024-05-18T21:15:34+00:00","dateModified":"2024-05-18T21:15:35+00:00","author":{"@id":"https:\/\/urdaburu.eus\/#\/schema\/person\/59c2f9f1cd8601668d2f60d21c4e8c28"},"breadcrumb":{"@id":"https:\/\/urdaburu.eus\/es\/2024\/05\/realizada-la-15a-etapa-de-la-vuelta-a-alava-entre-san-martin-de-losa-y-osma\/#breadcrumb"},"inLanguage":"es","potentialAction":[{"@type":"ReadAction","target":["https:\/\/urdaburu.eus\/es\/2024\/05\/realizada-la-15a-etapa-de-la-vuelta-a-alava-entre-san-martin-de-losa-y-osma\/"]}]},{"@type":"BreadcrumbList","@id":"https:\/\/urdaburu.eus\/es\/2024\/05\/realizada-la-15a-etapa-de-la-vuelta-a-alava-entre-san-martin-de-losa-y-osma\/#breadcrumb","itemListElement":[{"@type":"ListItem","position":1,"name":"Home","item":"https:\/\/urdaburu.eus\/es\/"},{"@type":"ListItem","position":2,"name":"Realizada la 15\u00aa etapa de la Vuelta a Alava entre San Mart\u00edn de Losa y Osma"}]},{"@type":"Person","@id":"https:\/\/urdaburu.eus\/#\/schema\/person\/59c2f9f1cd8601668d2f60d21c4e8c28","name":"Urdaburu ME","image":{"@type":"ImageObject","inLanguage":"es","@id":"https:\/\/urdaburu.eus\/#\/schema\/person\/image\/","url":"https:\/\/secure.gravatar.com\/avatar\/fa57267273759411cf56b0de412e3780?s=96&d=mm&r=g","contentUrl":"https:\/\/secure.gravatar.com\/avatar\/fa57267273759411cf56b0de412e3780?s=96&d=mm&r=g","caption":"Urdaburu ME"},"url":"https:\/\/urdaburu.eus\/es\/author\/iprieto\/"}]}},"_links":{"self":[{"href":"https:\/\/urdaburu.eus\/es\/wp-json\/wp\/v2\/posts\/6413"}],"collection":[{"href":"https:\/\/urdaburu.eus\/es\/wp-json\/wp\/v2\/posts"}],"about":[{"href":"https:\/\/urdaburu.eus\/es\/wp-json\/wp\/v2\/types\/post"}],"author":[{"embeddable":true,"href":"https:\/\/urdaburu.eus\/es\/wp-json\/wp\/v2\/users\/4"}],"replies":[{"embeddable":true,"href":"https:\/\/urdaburu.eus\/es\/wp-json\/wp\/v2\/comments?post=6413"}],"version-history":[{"count":1,"href":"https:\/\/urdaburu.eus\/es\/wp-json\/wp\/v2\/posts\/6413\/revisions"}],"predecessor-version":[{"id":6414,"href":"https:\/\/urdaburu.eus\/es\/wp-json\/wp\/v2\/posts\/6413\/revisions\/6414"}],"wp:attachment":[{"href":"https:\/\/urdaburu.eus\/es\/wp-json\/wp\/v2\/media?parent=6413"}],"wp:term":[{"taxonomy":"category","embeddable":true,"href":"https:\/\/urdaburu.eus\/es\/wp-json\/wp\/v2\/categories?post=6413"},{"taxonomy":"post_tag","embeddable":true,"href":"https:\/\/urdaburu.eus\/es\/wp-json\/wp\/v2\/tags?post=6413"}],"curies":[{"name":"wp","href":"https:\/\/api.w.org\/{rel}","templated":true}]}}