{"id":6560,"date":"2024-09-30T22:47:55","date_gmt":"2024-09-30T21:47:55","guid":{"rendered":"https:\/\/urdaburu.eus\/2024\/09\/realizada-la-salida-de-fin-de-semana-a-la-borda-abau\/"},"modified":"2024-09-30T22:47:56","modified_gmt":"2024-09-30T21:47:56","slug":"realizada-la-salida-de-fin-de-semana-a-la-borda-abau","status":"publish","type":"post","link":"https:\/\/urdaburu.eus\/es\/2024\/09\/realizada-la-salida-de-fin-de-semana-a-la-borda-abau\/","title":{"rendered":"Realizada la salida de fin de semana a la Borda Abau"},"content":{"rendered":"\n<p>El pasado fin de semana 28-29 de septiembre realizamos la salida a la borda Abau con 22 participantes. Tuvimos buen tiempo pero fresco en general (noche muy fr\u00eda) y hermosas excursiones, especialmente la del domingo. El s\u00e1bado partimos de Errenteria con lluvia pero salimos del puerto de Matamachos con buen tiempo, subiendo los montes Kalbeira e Idoia y terminando en la Borda Abau. Habiendo llegado relativamente pronto, hicimos merienda-parrillada en el exterior y m\u00e1s tarde (ya dentro) la cena. Tras una noche muy fr\u00eda, el domingo el autob\u00fas nos llev\u00f3 a Yeguaceros (cuartel de Belagua). La primera subida a Kartxela fue ventosa y fr\u00eda, pero se fue templando con las horas y a medida que baj\u00e1bamos. La mitad del grupo fuimos a \u00abtachar\u00bb el monte Sarimendi, aunque no estuviera previsto, e hicimos el almuerzo junto a una caba\u00f1a a su pie. Desde aqu\u00ed bajamos hacia la garganta de Holtzarte, d\u00e1ndole la vuelta, cruzando su impresionante puente colgante y terminando en Logibar, despu\u00e9s de 8 horas. Aqu\u00ed tomamos una ca\u00f1a r\u00e1pida (y cara) antes de volver a Errenteria.&#13;\n<b>VER FOTOS <a href=\"https:\/\/www.flickr.com\/photos\/195341817@N02\/albums\/72177720320733807\" target=\"_BLANK\" rel=\"noopener\"> https:\/\/www.flickr.com\/photos\/195341817@N02\/albums\/72177720320733807<\/a> <\/b><\/p>\n\n<hr class=\"wp-block-separator\"\/>\n\n<figure class=\"wp-block-image\"><img src=\"https:\/\/live.staticflickr.com\/65535\/54033792003_8ed8dae4df_3k.jpg\" alt=\"\"\/><\/figure>\n\n<figure class=\"wp-block-image\"><img src=\"https:\/\/live.staticflickr.com\/65535\/54033873079_1352c3a1e6_3k.jpg\" alt=\"\"\/><\/figure>\n\n<figure class=\"wp-block-image\"><img src=\"https:\/\/live.staticflickr.com\/65535\/54032671682_f0b160164e_3k.jpg\" alt=\"\"\/><\/figure>\n\n<figure class=\"wp-block-image\"><img src=\"https:\/\/live.staticflickr.com\/65535\/54033872829_c013bf0d2d_4k.jpg\" alt=\"\"\/><\/figure>\n","protected":false},"excerpt":{"rendered":"<p>El pasado fin de semana 28-29 de septiembre realizamos la salida a la borda Abau con 22 participantes. Tuvimos buen tiempo pero fresco en general<\/p>\n","protected":false},"author":4,"featured_media":0,"comment_status":"closed","ping_status":"closed","sticky":false,"template":"","format":"standard","meta":[],"categories":[48],"tags":[],"yoast_head":"<!-- This site is optimized with the Yoast SEO plugin v19.1 - https:\/\/yoast.com\/wordpress\/plugins\/seo\/ -->\n<title>Realizada la salida de fin de semana a la Borda Abau - Urdaburu<\/title>\n<meta name=\"robots\" content=\"index, follow, max-snippet:-1, max-image-preview:large, max-video-preview:-1\" \/>\n<link rel=\"canonical\" href=\"https:\/\/urdaburu.eus\/es\/2024\/09\/realizada-la-salida-de-fin-de-semana-a-la-borda-abau\/\" \/>\n<meta property=\"og:locale\" content=\"es_ES\" \/>\n<meta property=\"og:type\" content=\"article\" \/>\n<meta property=\"og:title\" content=\"Realizada la salida de fin de semana a la Borda Abau - Urdaburu\" \/>\n<meta property=\"og:description\" content=\"El pasado fin de semana 28-29 de septiembre realizamos la salida a la borda Abau con 22 participantes. Tuvimos buen tiempo pero fresco en general\" \/>\n<meta property=\"og:url\" content=\"https:\/\/urdaburu.eus\/es\/2024\/09\/realizada-la-salida-de-fin-de-semana-a-la-borda-abau\/\" \/>\n<meta property=\"og:site_name\" content=\"Urdaburu\" \/>\n<meta property=\"article:published_time\" content=\"2024-09-30T21:47:55+00:00\" \/>\n<meta property=\"article:modified_time\" content=\"2024-09-30T21:47:56+00:00\" \/>\n<meta property=\"og:image\" content=\"https:\/\/live.staticflickr.com\/65535\/54033792003_8ed8dae4df_3k.jpg\" \/>\n<meta name=\"twitter:card\" content=\"summary_large_image\" \/>\n<meta name=\"twitter:label1\" content=\"Written by\" \/>\n\t<meta name=\"twitter:data1\" content=\"Urdaburu ME\" \/>\n\t<meta name=\"twitter:label2\" content=\"Est. reading time\" \/>\n\t<meta name=\"twitter:data2\" content=\"1 minuto\" \/>\n<script type=\"application\/ld+json\" class=\"yoast-schema-graph\">{\"@context\":\"https:\/\/schema.org\",\"@graph\":[{\"@type\":\"WebSite\",\"@id\":\"https:\/\/urdaburu.eus\/#website\",\"url\":\"https:\/\/urdaburu.eus\/\",\"name\":\"Urdaburu\",\"description\":\"Grupo de Monta\u00f1a \",\"potentialAction\":[{\"@type\":\"SearchAction\",\"target\":{\"@type\":\"EntryPoint\",\"urlTemplate\":\"https:\/\/urdaburu.eus\/?s={search_term_string}\"},\"query-input\":\"required name=search_term_string\"}],\"inLanguage\":\"es\"},{\"@type\":\"ImageObject\",\"inLanguage\":\"es\",\"@id\":\"https:\/\/urdaburu.eus\/es\/2024\/09\/realizada-la-salida-de-fin-de-semana-a-la-borda-abau\/#primaryimage\",\"url\":\"https:\/\/live.staticflickr.com\/65535\/54033792003_8ed8dae4df_3k.jpg\",\"contentUrl\":\"https:\/\/live.staticflickr.com\/65535\/54033792003_8ed8dae4df_3k.jpg\"},{\"@type\":\"WebPage\",\"@id\":\"https:\/\/urdaburu.eus\/es\/2024\/09\/realizada-la-salida-de-fin-de-semana-a-la-borda-abau\/#webpage\",\"url\":\"https:\/\/urdaburu.eus\/es\/2024\/09\/realizada-la-salida-de-fin-de-semana-a-la-borda-abau\/\",\"name\":\"Realizada la salida de fin de semana a la Borda Abau - Urdaburu\",\"isPartOf\":{\"@id\":\"https:\/\/urdaburu.eus\/#website\"},\"primaryImageOfPage\":{\"@id\":\"https:\/\/urdaburu.eus\/es\/2024\/09\/realizada-la-salida-de-fin-de-semana-a-la-borda-abau\/#primaryimage\"},\"datePublished\":\"2024-09-30T21:47:55+00:00\",\"dateModified\":\"2024-09-30T21:47:56+00:00\",\"author\":{\"@id\":\"https:\/\/urdaburu.eus\/#\/schema\/person\/59c2f9f1cd8601668d2f60d21c4e8c28\"},\"breadcrumb\":{\"@id\":\"https:\/\/urdaburu.eus\/es\/2024\/09\/realizada-la-salida-de-fin-de-semana-a-la-borda-abau\/#breadcrumb\"},\"inLanguage\":\"es\",\"potentialAction\":[{\"@type\":\"ReadAction\",\"target\":[\"https:\/\/urdaburu.eus\/es\/2024\/09\/realizada-la-salida-de-fin-de-semana-a-la-borda-abau\/\"]}]},{\"@type\":\"BreadcrumbList\",\"@id\":\"https:\/\/urdaburu.eus\/es\/2024\/09\/realizada-la-salida-de-fin-de-semana-a-la-borda-abau\/#breadcrumb\",\"itemListElement\":[{\"@type\":\"ListItem\",\"position\":1,\"name\":\"Home\",\"item\":\"https:\/\/urdaburu.eus\/es\/\"},{\"@type\":\"ListItem\",\"position\":2,\"name\":\"Realizada la salida de fin de semana a la Borda Abau\"}]},{\"@type\":\"Person\",\"@id\":\"https:\/\/urdaburu.eus\/#\/schema\/person\/59c2f9f1cd8601668d2f60d21c4e8c28\",\"name\":\"Urdaburu ME\",\"image\":{\"@type\":\"ImageObject\",\"inLanguage\":\"es\",\"@id\":\"https:\/\/urdaburu.eus\/#\/schema\/person\/image\/\",\"url\":\"https:\/\/secure.gravatar.com\/avatar\/fa57267273759411cf56b0de412e3780?s=96&d=mm&r=g\",\"contentUrl\":\"https:\/\/secure.gravatar.com\/avatar\/fa57267273759411cf56b0de412e3780?s=96&d=mm&r=g\",\"caption\":\"Urdaburu ME\"},\"url\":\"https:\/\/urdaburu.eus\/es\/author\/iprieto\/\"}]}<\/script>\n<!-- \/ Yoast SEO plugin. -->","yoast_head_json":{"title":"Realizada la salida de fin de semana a la Borda Abau - Urdaburu","robots":{"index":"index","follow":"follow","max-snippet":"max-snippet:-1","max-image-preview":"max-image-preview:large","max-video-preview":"max-video-preview:-1"},"canonical":"https:\/\/urdaburu.eus\/es\/2024\/09\/realizada-la-salida-de-fin-de-semana-a-la-borda-abau\/","og_locale":"es_ES","og_type":"article","og_title":"Realizada la salida de fin de semana a la Borda Abau - Urdaburu","og_description":"El pasado fin de semana 28-29 de septiembre realizamos la salida a la borda Abau con 22 participantes. Tuvimos buen tiempo pero fresco en general","og_url":"https:\/\/urdaburu.eus\/es\/2024\/09\/realizada-la-salida-de-fin-de-semana-a-la-borda-abau\/","og_site_name":"Urdaburu","article_published_time":"2024-09-30T21:47:55+00:00","article_modified_time":"2024-09-30T21:47:56+00:00","og_image":[{"url":"https:\/\/live.staticflickr.com\/65535\/54033792003_8ed8dae4df_3k.jpg"}],"twitter_card":"summary_large_image","twitter_misc":{"Written by":"Urdaburu ME","Est. reading time":"1 minuto"},"schema":{"@context":"https:\/\/schema.org","@graph":[{"@type":"WebSite","@id":"https:\/\/urdaburu.eus\/#website","url":"https:\/\/urdaburu.eus\/","name":"Urdaburu","description":"Grupo de Monta\u00f1a ","potentialAction":[{"@type":"SearchAction","target":{"@type":"EntryPoint","urlTemplate":"https:\/\/urdaburu.eus\/?s={search_term_string}"},"query-input":"required name=search_term_string"}],"inLanguage":"es"},{"@type":"ImageObject","inLanguage":"es","@id":"https:\/\/urdaburu.eus\/es\/2024\/09\/realizada-la-salida-de-fin-de-semana-a-la-borda-abau\/#primaryimage","url":"https:\/\/live.staticflickr.com\/65535\/54033792003_8ed8dae4df_3k.jpg","contentUrl":"https:\/\/live.staticflickr.com\/65535\/54033792003_8ed8dae4df_3k.jpg"},{"@type":"WebPage","@id":"https:\/\/urdaburu.eus\/es\/2024\/09\/realizada-la-salida-de-fin-de-semana-a-la-borda-abau\/#webpage","url":"https:\/\/urdaburu.eus\/es\/2024\/09\/realizada-la-salida-de-fin-de-semana-a-la-borda-abau\/","name":"Realizada la salida de fin de semana a la Borda Abau - Urdaburu","isPartOf":{"@id":"https:\/\/urdaburu.eus\/#website"},"primaryImageOfPage":{"@id":"https:\/\/urdaburu.eus\/es\/2024\/09\/realizada-la-salida-de-fin-de-semana-a-la-borda-abau\/#primaryimage"},"datePublished":"2024-09-30T21:47:55+00:00","dateModified":"2024-09-30T21:47:56+00:00","author":{"@id":"https:\/\/urdaburu.eus\/#\/schema\/person\/59c2f9f1cd8601668d2f60d21c4e8c28"},"breadcrumb":{"@id":"https:\/\/urdaburu.eus\/es\/2024\/09\/realizada-la-salida-de-fin-de-semana-a-la-borda-abau\/#breadcrumb"},"inLanguage":"es","potentialAction":[{"@type":"ReadAction","target":["https:\/\/urdaburu.eus\/es\/2024\/09\/realizada-la-salida-de-fin-de-semana-a-la-borda-abau\/"]}]},{"@type":"BreadcrumbList","@id":"https:\/\/urdaburu.eus\/es\/2024\/09\/realizada-la-salida-de-fin-de-semana-a-la-borda-abau\/#breadcrumb","itemListElement":[{"@type":"ListItem","position":1,"name":"Home","item":"https:\/\/urdaburu.eus\/es\/"},{"@type":"ListItem","position":2,"name":"Realizada la salida de fin de semana a la Borda Abau"}]},{"@type":"Person","@id":"https:\/\/urdaburu.eus\/#\/schema\/person\/59c2f9f1cd8601668d2f60d21c4e8c28","name":"Urdaburu ME","image":{"@type":"ImageObject","inLanguage":"es","@id":"https:\/\/urdaburu.eus\/#\/schema\/person\/image\/","url":"https:\/\/secure.gravatar.com\/avatar\/fa57267273759411cf56b0de412e3780?s=96&d=mm&r=g","contentUrl":"https:\/\/secure.gravatar.com\/avatar\/fa57267273759411cf56b0de412e3780?s=96&d=mm&r=g","caption":"Urdaburu ME"},"url":"https:\/\/urdaburu.eus\/es\/author\/iprieto\/"}]}},"_links":{"self":[{"href":"https:\/\/urdaburu.eus\/es\/wp-json\/wp\/v2\/posts\/6560"}],"collection":[{"href":"https:\/\/urdaburu.eus\/es\/wp-json\/wp\/v2\/posts"}],"about":[{"href":"https:\/\/urdaburu.eus\/es\/wp-json\/wp\/v2\/types\/post"}],"author":[{"embeddable":true,"href":"https:\/\/urdaburu.eus\/es\/wp-json\/wp\/v2\/users\/4"}],"replies":[{"embeddable":true,"href":"https:\/\/urdaburu.eus\/es\/wp-json\/wp\/v2\/comments?post=6560"}],"version-history":[{"count":1,"href":"https:\/\/urdaburu.eus\/es\/wp-json\/wp\/v2\/posts\/6560\/revisions"}],"predecessor-version":[{"id":6561,"href":"https:\/\/urdaburu.eus\/es\/wp-json\/wp\/v2\/posts\/6560\/revisions\/6561"}],"wp:attachment":[{"href":"https:\/\/urdaburu.eus\/es\/wp-json\/wp\/v2\/media?parent=6560"}],"wp:term":[{"taxonomy":"category","embeddable":true,"href":"https:\/\/urdaburu.eus\/es\/wp-json\/wp\/v2\/categories?post=6560"},{"taxonomy":"post_tag","embeddable":true,"href":"https:\/\/urdaburu.eus\/es\/wp-json\/wp\/v2\/tags?post=6560"}],"curies":[{"name":"wp","href":"https:\/\/api.w.org\/{rel}","templated":true}]}}