{"id":6779,"date":"2024-11-07T20:49:58","date_gmt":"2024-11-07T19:49:58","guid":{"rendered":"https:\/\/urdaburu.eus\/?p=6779"},"modified":"2024-11-07T20:50:00","modified_gmt":"2024-11-07T19:50:00","slug":"xxxv-bizikloia-xix-memorial-eneko-arcelus","status":"publish","type":"post","link":"https:\/\/urdaburu.eus\/es\/2024\/11\/xxxv-bizikloia-xix-memorial-eneko-arcelus\/","title":{"rendered":"XXXV. Bizikloia -XIX. Memorial Eneko Arcelus"},"content":{"rendered":"\n<p>Hemos organizado para el s\u00e1bado d\u00eda&nbsp;<strong>23 de noviembre, a las 15:00 horas<\/strong>,&nbsp;&nbsp;<strong>la XXXV. Bizikloia &#8211; XIX<\/strong><\/p>\n\n\n\n<p><strong>&nbsp;Memorial Eneko Arcelus.&nbsp;<\/strong>&nbsp;<br><br><strong><u>Carrera<\/u>:<\/strong><\/p>\n\n\n\n<p>&#8211;<strong>7 km.<\/strong>&nbsp;<strong>en bicicleta<\/strong>: desde el parking existente junto a la&nbsp;<strong>Sagardotegi Baleio (modificable)<\/strong>&nbsp;&#8211; hasta&nbsp;<strong>Sorondo<\/strong>&nbsp;y,<\/p>\n\n\n\n<p>&#8211;<strong>7 km<\/strong>.&nbsp;<strong>corriendo<\/strong>:&nbsp;<strong>Sorondo-Irurita-Ozentzio-Sorondo.<\/strong><\/p>\n\n\n\n<p>-Se puede participar de forma individual o en pareja. Si se participa en pareja, una de las personas participantes realizar\u00e1 el tramo de bicicleta y la otra correr\u00e1.<\/p>\n\n\n\n<p><strong>Entrega de premios y merienda<\/strong>:<\/p>\n\n\n\n<p>-La entrega de premios y merienda ser\u00e1n en la sociedad URDABURU, hacia las 18:00 horas.<\/p>\n\n\n\n<p><strong>Normas<\/strong>:<\/p>\n\n\n\n<ol type=\"1\"><li>La organizaci\u00f3n no se har\u00e1 cargo de los da\u00f1os que puedan sufrir las personas participantes, ni las que pudieran ocasionar a otras personas participantes o que no lo sean.<\/li><li>Todo participante firmar\u00e1 que acepta dichas normas.<\/li><\/ol>\n\n\n\n<p><strong>Inscripciones<\/strong>:<\/p>\n\n\n\n<p>-Presencial, en URDABURU, martes y jueves de 19:00 a 21:00 horas.<\/p>\n\n\n\n<p>-Por tel\u00e9fono, 943527879 &#8211; 686596732, martes y jueves de 19:00 a 21:00 horas.<\/p>\n\n\n\n<p>-Hasta el mismo d\u00eda de la carrera.<\/p>\n\n\n\n<p>* todas las personas participantes deber\u00e1n ser mayores de edad.<\/p>\n","protected":false},"excerpt":{"rendered":"<p>Hemos organizado para el s\u00e1bado d\u00eda&nbsp;23 de noviembre, a las 15:00 horas,&nbsp;&nbsp;la XXXV. Bizikloia &#8211; XIX &nbsp;Memorial Eneko Arcelus.&nbsp;&nbsp; Carrera: &#8211;7 km.&nbsp;en bicicleta: desde el<\/p>\n","protected":false},"author":2,"featured_media":6777,"comment_status":"closed","ping_status":"closed","sticky":false,"template":"","format":"standard","meta":[],"categories":[3],"tags":[],"yoast_head":"<!-- This site is optimized with the Yoast SEO plugin v19.1 - https:\/\/yoast.com\/wordpress\/plugins\/seo\/ -->\n<title>XXXV. Bizikloia -XIX. Memorial Eneko Arcelus - Urdaburu<\/title>\n<meta name=\"robots\" content=\"index, follow, max-snippet:-1, max-image-preview:large, max-video-preview:-1\" \/>\n<link rel=\"canonical\" href=\"https:\/\/urdaburu.eus\/es\/2024\/11\/xxxv-bizikloia-xix-memorial-eneko-arcelus\/\" \/>\n<meta property=\"og:locale\" content=\"es_ES\" \/>\n<meta property=\"og:type\" content=\"article\" \/>\n<meta property=\"og:title\" content=\"XXXV. Bizikloia -XIX. Memorial Eneko Arcelus - Urdaburu\" \/>\n<meta property=\"og:description\" content=\"Hemos organizado para el s\u00e1bado d\u00eda&nbsp;23 de noviembre, a las 15:00 horas,&nbsp;&nbsp;la XXXV. Bizikloia &#8211; XIX &nbsp;Memorial Eneko Arcelus.&nbsp;&nbsp; Carrera: &#8211;7 km.&nbsp;en bicicleta: desde el\" \/>\n<meta property=\"og:url\" content=\"https:\/\/urdaburu.eus\/es\/2024\/11\/xxxv-bizikloia-xix-memorial-eneko-arcelus\/\" \/>\n<meta property=\"og:site_name\" content=\"Urdaburu\" \/>\n<meta property=\"article:published_time\" content=\"2024-11-07T19:49:58+00:00\" \/>\n<meta property=\"article:modified_time\" content=\"2024-11-07T19:50:00+00:00\" \/>\n<meta property=\"og:image\" content=\"https:\/\/urdaburu.eus\/app\/uploads\/2024\/11\/Captura-2024-10-15-a-las-21.00.04.jpeg\" \/>\n\t<meta property=\"og:image:width\" content=\"1909\" \/>\n\t<meta property=\"og:image:height\" content=\"858\" \/>\n\t<meta property=\"og:image:type\" content=\"image\/jpeg\" \/>\n<meta name=\"twitter:card\" content=\"summary_large_image\" \/>\n<meta name=\"twitter:label1\" content=\"Written by\" \/>\n\t<meta name=\"twitter:data1\" content=\"Urdaburu\" \/>\n\t<meta name=\"twitter:label2\" content=\"Est. reading time\" \/>\n\t<meta name=\"twitter:data2\" content=\"1 minuto\" \/>\n<script type=\"application\/ld+json\" class=\"yoast-schema-graph\">{\"@context\":\"https:\/\/schema.org\",\"@graph\":[{\"@type\":\"WebSite\",\"@id\":\"https:\/\/urdaburu.eus\/#website\",\"url\":\"https:\/\/urdaburu.eus\/\",\"name\":\"Urdaburu\",\"description\":\"Grupo de Monta\u00f1a \",\"potentialAction\":[{\"@type\":\"SearchAction\",\"target\":{\"@type\":\"EntryPoint\",\"urlTemplate\":\"https:\/\/urdaburu.eus\/?s={search_term_string}\"},\"query-input\":\"required name=search_term_string\"}],\"inLanguage\":\"es\"},{\"@type\":\"ImageObject\",\"inLanguage\":\"es\",\"@id\":\"https:\/\/urdaburu.eus\/es\/2024\/11\/xxxv-bizikloia-xix-memorial-eneko-arcelus\/#primaryimage\",\"url\":\"\/app\/uploads\/2024\/11\/Captura-2024-10-15-a-las-21.00.04.jpeg\",\"contentUrl\":\"\/app\/uploads\/2024\/11\/Captura-2024-10-15-a-las-21.00.04.jpeg\",\"width\":1909,\"height\":858},{\"@type\":\"WebPage\",\"@id\":\"https:\/\/urdaburu.eus\/es\/2024\/11\/xxxv-bizikloia-xix-memorial-eneko-arcelus\/#webpage\",\"url\":\"https:\/\/urdaburu.eus\/es\/2024\/11\/xxxv-bizikloia-xix-memorial-eneko-arcelus\/\",\"name\":\"XXXV. Bizikloia -XIX. Memorial Eneko Arcelus - Urdaburu\",\"isPartOf\":{\"@id\":\"https:\/\/urdaburu.eus\/#website\"},\"primaryImageOfPage\":{\"@id\":\"https:\/\/urdaburu.eus\/es\/2024\/11\/xxxv-bizikloia-xix-memorial-eneko-arcelus\/#primaryimage\"},\"datePublished\":\"2024-11-07T19:49:58+00:00\",\"dateModified\":\"2024-11-07T19:50:00+00:00\",\"author\":{\"@id\":\"https:\/\/urdaburu.eus\/#\/schema\/person\/516009e451ff85719b12fcd9f67a2869\"},\"breadcrumb\":{\"@id\":\"https:\/\/urdaburu.eus\/es\/2024\/11\/xxxv-bizikloia-xix-memorial-eneko-arcelus\/#breadcrumb\"},\"inLanguage\":\"es\",\"potentialAction\":[{\"@type\":\"ReadAction\",\"target\":[\"https:\/\/urdaburu.eus\/es\/2024\/11\/xxxv-bizikloia-xix-memorial-eneko-arcelus\/\"]}]},{\"@type\":\"BreadcrumbList\",\"@id\":\"https:\/\/urdaburu.eus\/es\/2024\/11\/xxxv-bizikloia-xix-memorial-eneko-arcelus\/#breadcrumb\",\"itemListElement\":[{\"@type\":\"ListItem\",\"position\":1,\"name\":\"Home\",\"item\":\"https:\/\/urdaburu.eus\/es\/\"},{\"@type\":\"ListItem\",\"position\":2,\"name\":\"XXXV. Bizikloia -XIX. Memorial Eneko Arcelus\"}]},{\"@type\":\"Person\",\"@id\":\"https:\/\/urdaburu.eus\/#\/schema\/person\/516009e451ff85719b12fcd9f67a2869\",\"name\":\"Urdaburu\",\"image\":{\"@type\":\"ImageObject\",\"inLanguage\":\"es\",\"@id\":\"https:\/\/urdaburu.eus\/#\/schema\/person\/image\/\",\"url\":\"https:\/\/secure.gravatar.com\/avatar\/8d332c7f045a0ada98d08782f91493a9?s=96&d=mm&r=g\",\"contentUrl\":\"https:\/\/secure.gravatar.com\/avatar\/8d332c7f045a0ada98d08782f91493a9?s=96&d=mm&r=g\",\"caption\":\"Urdaburu\"},\"url\":\"https:\/\/urdaburu.eus\/es\/author\/urdaburu\/\"}]}<\/script>\n<!-- \/ Yoast SEO plugin. -->","yoast_head_json":{"title":"XXXV. Bizikloia -XIX. Memorial Eneko Arcelus - Urdaburu","robots":{"index":"index","follow":"follow","max-snippet":"max-snippet:-1","max-image-preview":"max-image-preview:large","max-video-preview":"max-video-preview:-1"},"canonical":"https:\/\/urdaburu.eus\/es\/2024\/11\/xxxv-bizikloia-xix-memorial-eneko-arcelus\/","og_locale":"es_ES","og_type":"article","og_title":"XXXV. Bizikloia -XIX. Memorial Eneko Arcelus - Urdaburu","og_description":"Hemos organizado para el s\u00e1bado d\u00eda&nbsp;23 de noviembre, a las 15:00 horas,&nbsp;&nbsp;la XXXV. Bizikloia &#8211; XIX &nbsp;Memorial Eneko Arcelus.&nbsp;&nbsp; Carrera: &#8211;7 km.&nbsp;en bicicleta: desde el","og_url":"https:\/\/urdaburu.eus\/es\/2024\/11\/xxxv-bizikloia-xix-memorial-eneko-arcelus\/","og_site_name":"Urdaburu","article_published_time":"2024-11-07T19:49:58+00:00","article_modified_time":"2024-11-07T19:50:00+00:00","og_image":[{"width":1909,"height":858,"url":"https:\/\/urdaburu.eus\/app\/uploads\/2024\/11\/Captura-2024-10-15-a-las-21.00.04.jpeg","type":"image\/jpeg"}],"twitter_card":"summary_large_image","twitter_misc":{"Written by":"Urdaburu","Est. reading time":"1 minuto"},"schema":{"@context":"https:\/\/schema.org","@graph":[{"@type":"WebSite","@id":"https:\/\/urdaburu.eus\/#website","url":"https:\/\/urdaburu.eus\/","name":"Urdaburu","description":"Grupo de Monta\u00f1a ","potentialAction":[{"@type":"SearchAction","target":{"@type":"EntryPoint","urlTemplate":"https:\/\/urdaburu.eus\/?s={search_term_string}"},"query-input":"required name=search_term_string"}],"inLanguage":"es"},{"@type":"ImageObject","inLanguage":"es","@id":"https:\/\/urdaburu.eus\/es\/2024\/11\/xxxv-bizikloia-xix-memorial-eneko-arcelus\/#primaryimage","url":"\/app\/uploads\/2024\/11\/Captura-2024-10-15-a-las-21.00.04.jpeg","contentUrl":"\/app\/uploads\/2024\/11\/Captura-2024-10-15-a-las-21.00.04.jpeg","width":1909,"height":858},{"@type":"WebPage","@id":"https:\/\/urdaburu.eus\/es\/2024\/11\/xxxv-bizikloia-xix-memorial-eneko-arcelus\/#webpage","url":"https:\/\/urdaburu.eus\/es\/2024\/11\/xxxv-bizikloia-xix-memorial-eneko-arcelus\/","name":"XXXV. Bizikloia -XIX. Memorial Eneko Arcelus - Urdaburu","isPartOf":{"@id":"https:\/\/urdaburu.eus\/#website"},"primaryImageOfPage":{"@id":"https:\/\/urdaburu.eus\/es\/2024\/11\/xxxv-bizikloia-xix-memorial-eneko-arcelus\/#primaryimage"},"datePublished":"2024-11-07T19:49:58+00:00","dateModified":"2024-11-07T19:50:00+00:00","author":{"@id":"https:\/\/urdaburu.eus\/#\/schema\/person\/516009e451ff85719b12fcd9f67a2869"},"breadcrumb":{"@id":"https:\/\/urdaburu.eus\/es\/2024\/11\/xxxv-bizikloia-xix-memorial-eneko-arcelus\/#breadcrumb"},"inLanguage":"es","potentialAction":[{"@type":"ReadAction","target":["https:\/\/urdaburu.eus\/es\/2024\/11\/xxxv-bizikloia-xix-memorial-eneko-arcelus\/"]}]},{"@type":"BreadcrumbList","@id":"https:\/\/urdaburu.eus\/es\/2024\/11\/xxxv-bizikloia-xix-memorial-eneko-arcelus\/#breadcrumb","itemListElement":[{"@type":"ListItem","position":1,"name":"Home","item":"https:\/\/urdaburu.eus\/es\/"},{"@type":"ListItem","position":2,"name":"XXXV. Bizikloia -XIX. Memorial Eneko Arcelus"}]},{"@type":"Person","@id":"https:\/\/urdaburu.eus\/#\/schema\/person\/516009e451ff85719b12fcd9f67a2869","name":"Urdaburu","image":{"@type":"ImageObject","inLanguage":"es","@id":"https:\/\/urdaburu.eus\/#\/schema\/person\/image\/","url":"https:\/\/secure.gravatar.com\/avatar\/8d332c7f045a0ada98d08782f91493a9?s=96&d=mm&r=g","contentUrl":"https:\/\/secure.gravatar.com\/avatar\/8d332c7f045a0ada98d08782f91493a9?s=96&d=mm&r=g","caption":"Urdaburu"},"url":"https:\/\/urdaburu.eus\/es\/author\/urdaburu\/"}]}},"_links":{"self":[{"href":"https:\/\/urdaburu.eus\/es\/wp-json\/wp\/v2\/posts\/6779"}],"collection":[{"href":"https:\/\/urdaburu.eus\/es\/wp-json\/wp\/v2\/posts"}],"about":[{"href":"https:\/\/urdaburu.eus\/es\/wp-json\/wp\/v2\/types\/post"}],"author":[{"embeddable":true,"href":"https:\/\/urdaburu.eus\/es\/wp-json\/wp\/v2\/users\/2"}],"replies":[{"embeddable":true,"href":"https:\/\/urdaburu.eus\/es\/wp-json\/wp\/v2\/comments?post=6779"}],"version-history":[{"count":1,"href":"https:\/\/urdaburu.eus\/es\/wp-json\/wp\/v2\/posts\/6779\/revisions"}],"predecessor-version":[{"id":6780,"href":"https:\/\/urdaburu.eus\/es\/wp-json\/wp\/v2\/posts\/6779\/revisions\/6780"}],"wp:featuredmedia":[{"embeddable":true,"href":"https:\/\/urdaburu.eus\/es\/wp-json\/wp\/v2\/media\/6777"}],"wp:attachment":[{"href":"https:\/\/urdaburu.eus\/es\/wp-json\/wp\/v2\/media?parent=6779"}],"wp:term":[{"taxonomy":"category","embeddable":true,"href":"https:\/\/urdaburu.eus\/es\/wp-json\/wp\/v2\/categories?post=6779"},{"taxonomy":"post_tag","embeddable":true,"href":"https:\/\/urdaburu.eus\/es\/wp-json\/wp\/v2\/tags?post=6779"}],"curies":[{"name":"wp","href":"https:\/\/api.w.org\/{rel}","templated":true}]}}