{"id":6834,"date":"2024-11-27T11:39:35","date_gmt":"2024-11-27T10:39:35","guid":{"rendered":"https:\/\/urdaburu.eus\/2024\/11\/celebrada-la-xxxv-biziklon\/"},"modified":"2024-11-27T11:39:35","modified_gmt":"2024-11-27T10:39:35","slug":"celebrada-la-xxxv-biziklon","status":"publish","type":"post","link":"https:\/\/urdaburu.eus\/es\/2024\/11\/celebrada-la-xxxv-biziklon\/","title":{"rendered":"Celebrada la XXXV Biziklon"},"content":{"rendered":"\n<p>El pasado s\u00e1bado 23 de noviembre de 2024, celebranos la XXXV Biziklon o 19\u00ba Memorial Eneko Arzelus. Tuvimos buen tiempo y templado, pero ventoso. En total salieron 22 participantes: 18 hombres y 4 mujeres, 14 individualmente y 4 parejas. Este a\u00f1o nos reunimos en el parking del restaurante Zuberoa. Fue el recorrido de siempre, pero el nuevo punto de partida acortaba 1 km el trayecto cilista, siendo 6 km de ascenso a Sorondo y 7 km de cross: Sorondo-Irubideta-Ozentzio-Sorondo. Menci\u00f3n especial para Xabat Manso (14:25), que bati\u00f3 la mejor marca ciclista de la historia del Biziklon, que haciendo c\u00e1lculos, no fue debido al recorrido m\u00e1s corto de este a\u00f1o. Tras la carrera, como es habitual, nos reunimos en nuestro local, en un ambiente inmejorable, para ver las fotos, hacer la merienda y repartir los regalos. Por su parte, Jose Inazio Lete y Juli Susperregi, organizadores desde el primer Biziklon de 1987, manifestaron su intenci\u00f3n de dejarlo. Por muchos a\u00f1os, con la edad, etc&#8230; (aunque todav\u00eda est\u00e1n en forma). Pero afortunadamente no tardaron en salir socios y socias dispuestos a relevarles: Luzio Egiguren, I\u00f1aki Arrieta y Mariaje Mari\u00f1o.&#13;\n<b>FOTOS:<\/b> <a href=\"https:\/\/www.flickr.com\/photos\/195341817@N02\/albums\/72177720322200725\" target=\"_BLANK\" rel=\"noopener\"> https:\/\/www.flickr.com\/photos\/195341817@N02\/albums\/72177720322200725<\/a>&#13;\n<b>CLASIFICACIONES<\/b> <a href=\"https:\/\/1drv.ms\/b\/c\/c7432af8bbf5bf78\/EVyRnOor-YVCqhvR0Jcl1zMBCmx7rIZ_U5bK62V1DI-nIg?e=JDjGQI\" target=\"_BLANK\" rel=\"noopener\">https:\/\/1drv.ms\/b\/c\/c7432af8bbf5bf78\/EVyRnOor-YVCqhvR0Jcl1zMBCmx7rIZ_U5bK62V1DI-nIg?e=JDjGQI<\/a><\/p>\n\n<figure class=\"wp-block-image\"><img src=\"https:\/\/live.staticflickr.com\/65535\/54168089965_b96ed85c7c_5k.jpg\" alt=\"\"\/><\/figure>\n","protected":false},"excerpt":{"rendered":"<p>El pasado s\u00e1bado 23 de noviembre de 2024, celebranos la XXXV Biziklon o 19\u00ba Memorial Eneko Arzelus. Tuvimos buen tiempo y templado, pero ventoso. En<\/p>\n","protected":false},"author":4,"featured_media":0,"comment_status":"closed","ping_status":"closed","sticky":false,"template":"","format":"standard","meta":[],"categories":[3],"tags":[],"yoast_head":"<!-- This site is optimized with the Yoast SEO plugin v19.1 - https:\/\/yoast.com\/wordpress\/plugins\/seo\/ -->\n<title>Celebrada la XXXV Biziklon - Urdaburu<\/title>\n<meta name=\"robots\" content=\"index, follow, max-snippet:-1, max-image-preview:large, max-video-preview:-1\" \/>\n<link rel=\"canonical\" href=\"https:\/\/urdaburu.eus\/es\/2024\/11\/celebrada-la-xxxv-biziklon\/\" \/>\n<meta property=\"og:locale\" content=\"es_ES\" \/>\n<meta property=\"og:type\" content=\"article\" \/>\n<meta property=\"og:title\" content=\"Celebrada la XXXV Biziklon - Urdaburu\" \/>\n<meta property=\"og:description\" content=\"El pasado s\u00e1bado 23 de noviembre de 2024, celebranos la XXXV Biziklon o 19\u00ba Memorial Eneko Arzelus. Tuvimos buen tiempo y templado, pero ventoso. En\" \/>\n<meta property=\"og:url\" content=\"https:\/\/urdaburu.eus\/es\/2024\/11\/celebrada-la-xxxv-biziklon\/\" \/>\n<meta property=\"og:site_name\" content=\"Urdaburu\" \/>\n<meta property=\"article:published_time\" content=\"2024-11-27T10:39:35+00:00\" \/>\n<meta property=\"og:image\" content=\"https:\/\/live.staticflickr.com\/65535\/54168089965_b96ed85c7c_5k.jpg\" \/>\n<meta name=\"twitter:card\" content=\"summary_large_image\" \/>\n<meta name=\"twitter:label1\" content=\"Written by\" \/>\n\t<meta name=\"twitter:data1\" content=\"Urdaburu ME\" \/>\n\t<meta name=\"twitter:label2\" content=\"Est. reading time\" \/>\n\t<meta name=\"twitter:data2\" content=\"1 minuto\" \/>\n<script type=\"application\/ld+json\" class=\"yoast-schema-graph\">{\"@context\":\"https:\/\/schema.org\",\"@graph\":[{\"@type\":\"WebSite\",\"@id\":\"https:\/\/urdaburu.eus\/#website\",\"url\":\"https:\/\/urdaburu.eus\/\",\"name\":\"Urdaburu\",\"description\":\"Grupo de Monta\u00f1a \",\"potentialAction\":[{\"@type\":\"SearchAction\",\"target\":{\"@type\":\"EntryPoint\",\"urlTemplate\":\"https:\/\/urdaburu.eus\/?s={search_term_string}\"},\"query-input\":\"required name=search_term_string\"}],\"inLanguage\":\"es\"},{\"@type\":\"ImageObject\",\"inLanguage\":\"es\",\"@id\":\"https:\/\/urdaburu.eus\/es\/2024\/11\/celebrada-la-xxxv-biziklon\/#primaryimage\",\"url\":\"https:\/\/live.staticflickr.com\/65535\/54168089965_b96ed85c7c_5k.jpg\",\"contentUrl\":\"https:\/\/live.staticflickr.com\/65535\/54168089965_b96ed85c7c_5k.jpg\"},{\"@type\":\"WebPage\",\"@id\":\"https:\/\/urdaburu.eus\/es\/2024\/11\/celebrada-la-xxxv-biziklon\/#webpage\",\"url\":\"https:\/\/urdaburu.eus\/es\/2024\/11\/celebrada-la-xxxv-biziklon\/\",\"name\":\"Celebrada la XXXV Biziklon - Urdaburu\",\"isPartOf\":{\"@id\":\"https:\/\/urdaburu.eus\/#website\"},\"primaryImageOfPage\":{\"@id\":\"https:\/\/urdaburu.eus\/es\/2024\/11\/celebrada-la-xxxv-biziklon\/#primaryimage\"},\"datePublished\":\"2024-11-27T10:39:35+00:00\",\"dateModified\":\"2024-11-27T10:39:35+00:00\",\"author\":{\"@id\":\"https:\/\/urdaburu.eus\/#\/schema\/person\/59c2f9f1cd8601668d2f60d21c4e8c28\"},\"breadcrumb\":{\"@id\":\"https:\/\/urdaburu.eus\/es\/2024\/11\/celebrada-la-xxxv-biziklon\/#breadcrumb\"},\"inLanguage\":\"es\",\"potentialAction\":[{\"@type\":\"ReadAction\",\"target\":[\"https:\/\/urdaburu.eus\/es\/2024\/11\/celebrada-la-xxxv-biziklon\/\"]}]},{\"@type\":\"BreadcrumbList\",\"@id\":\"https:\/\/urdaburu.eus\/es\/2024\/11\/celebrada-la-xxxv-biziklon\/#breadcrumb\",\"itemListElement\":[{\"@type\":\"ListItem\",\"position\":1,\"name\":\"Home\",\"item\":\"https:\/\/urdaburu.eus\/es\/\"},{\"@type\":\"ListItem\",\"position\":2,\"name\":\"Celebrada la XXXV Biziklon\"}]},{\"@type\":\"Person\",\"@id\":\"https:\/\/urdaburu.eus\/#\/schema\/person\/59c2f9f1cd8601668d2f60d21c4e8c28\",\"name\":\"Urdaburu ME\",\"image\":{\"@type\":\"ImageObject\",\"inLanguage\":\"es\",\"@id\":\"https:\/\/urdaburu.eus\/#\/schema\/person\/image\/\",\"url\":\"https:\/\/secure.gravatar.com\/avatar\/fa57267273759411cf56b0de412e3780?s=96&d=mm&r=g\",\"contentUrl\":\"https:\/\/secure.gravatar.com\/avatar\/fa57267273759411cf56b0de412e3780?s=96&d=mm&r=g\",\"caption\":\"Urdaburu ME\"},\"url\":\"https:\/\/urdaburu.eus\/es\/author\/iprieto\/\"}]}<\/script>\n<!-- \/ Yoast SEO plugin. -->","yoast_head_json":{"title":"Celebrada la XXXV Biziklon - Urdaburu","robots":{"index":"index","follow":"follow","max-snippet":"max-snippet:-1","max-image-preview":"max-image-preview:large","max-video-preview":"max-video-preview:-1"},"canonical":"https:\/\/urdaburu.eus\/es\/2024\/11\/celebrada-la-xxxv-biziklon\/","og_locale":"es_ES","og_type":"article","og_title":"Celebrada la XXXV Biziklon - Urdaburu","og_description":"El pasado s\u00e1bado 23 de noviembre de 2024, celebranos la XXXV Biziklon o 19\u00ba Memorial Eneko Arzelus. Tuvimos buen tiempo y templado, pero ventoso. En","og_url":"https:\/\/urdaburu.eus\/es\/2024\/11\/celebrada-la-xxxv-biziklon\/","og_site_name":"Urdaburu","article_published_time":"2024-11-27T10:39:35+00:00","og_image":[{"url":"https:\/\/live.staticflickr.com\/65535\/54168089965_b96ed85c7c_5k.jpg"}],"twitter_card":"summary_large_image","twitter_misc":{"Written by":"Urdaburu ME","Est. reading time":"1 minuto"},"schema":{"@context":"https:\/\/schema.org","@graph":[{"@type":"WebSite","@id":"https:\/\/urdaburu.eus\/#website","url":"https:\/\/urdaburu.eus\/","name":"Urdaburu","description":"Grupo de Monta\u00f1a ","potentialAction":[{"@type":"SearchAction","target":{"@type":"EntryPoint","urlTemplate":"https:\/\/urdaburu.eus\/?s={search_term_string}"},"query-input":"required name=search_term_string"}],"inLanguage":"es"},{"@type":"ImageObject","inLanguage":"es","@id":"https:\/\/urdaburu.eus\/es\/2024\/11\/celebrada-la-xxxv-biziklon\/#primaryimage","url":"https:\/\/live.staticflickr.com\/65535\/54168089965_b96ed85c7c_5k.jpg","contentUrl":"https:\/\/live.staticflickr.com\/65535\/54168089965_b96ed85c7c_5k.jpg"},{"@type":"WebPage","@id":"https:\/\/urdaburu.eus\/es\/2024\/11\/celebrada-la-xxxv-biziklon\/#webpage","url":"https:\/\/urdaburu.eus\/es\/2024\/11\/celebrada-la-xxxv-biziklon\/","name":"Celebrada la XXXV Biziklon - Urdaburu","isPartOf":{"@id":"https:\/\/urdaburu.eus\/#website"},"primaryImageOfPage":{"@id":"https:\/\/urdaburu.eus\/es\/2024\/11\/celebrada-la-xxxv-biziklon\/#primaryimage"},"datePublished":"2024-11-27T10:39:35+00:00","dateModified":"2024-11-27T10:39:35+00:00","author":{"@id":"https:\/\/urdaburu.eus\/#\/schema\/person\/59c2f9f1cd8601668d2f60d21c4e8c28"},"breadcrumb":{"@id":"https:\/\/urdaburu.eus\/es\/2024\/11\/celebrada-la-xxxv-biziklon\/#breadcrumb"},"inLanguage":"es","potentialAction":[{"@type":"ReadAction","target":["https:\/\/urdaburu.eus\/es\/2024\/11\/celebrada-la-xxxv-biziklon\/"]}]},{"@type":"BreadcrumbList","@id":"https:\/\/urdaburu.eus\/es\/2024\/11\/celebrada-la-xxxv-biziklon\/#breadcrumb","itemListElement":[{"@type":"ListItem","position":1,"name":"Home","item":"https:\/\/urdaburu.eus\/es\/"},{"@type":"ListItem","position":2,"name":"Celebrada la XXXV Biziklon"}]},{"@type":"Person","@id":"https:\/\/urdaburu.eus\/#\/schema\/person\/59c2f9f1cd8601668d2f60d21c4e8c28","name":"Urdaburu ME","image":{"@type":"ImageObject","inLanguage":"es","@id":"https:\/\/urdaburu.eus\/#\/schema\/person\/image\/","url":"https:\/\/secure.gravatar.com\/avatar\/fa57267273759411cf56b0de412e3780?s=96&d=mm&r=g","contentUrl":"https:\/\/secure.gravatar.com\/avatar\/fa57267273759411cf56b0de412e3780?s=96&d=mm&r=g","caption":"Urdaburu ME"},"url":"https:\/\/urdaburu.eus\/es\/author\/iprieto\/"}]}},"_links":{"self":[{"href":"https:\/\/urdaburu.eus\/es\/wp-json\/wp\/v2\/posts\/6834"}],"collection":[{"href":"https:\/\/urdaburu.eus\/es\/wp-json\/wp\/v2\/posts"}],"about":[{"href":"https:\/\/urdaburu.eus\/es\/wp-json\/wp\/v2\/types\/post"}],"author":[{"embeddable":true,"href":"https:\/\/urdaburu.eus\/es\/wp-json\/wp\/v2\/users\/4"}],"replies":[{"embeddable":true,"href":"https:\/\/urdaburu.eus\/es\/wp-json\/wp\/v2\/comments?post=6834"}],"version-history":[{"count":1,"href":"https:\/\/urdaburu.eus\/es\/wp-json\/wp\/v2\/posts\/6834\/revisions"}],"predecessor-version":[{"id":6835,"href":"https:\/\/urdaburu.eus\/es\/wp-json\/wp\/v2\/posts\/6834\/revisions\/6835"}],"wp:attachment":[{"href":"https:\/\/urdaburu.eus\/es\/wp-json\/wp\/v2\/media?parent=6834"}],"wp:term":[{"taxonomy":"category","embeddable":true,"href":"https:\/\/urdaburu.eus\/es\/wp-json\/wp\/v2\/categories?post=6834"},{"taxonomy":"post_tag","embeddable":true,"href":"https:\/\/urdaburu.eus\/es\/wp-json\/wp\/v2\/tags?post=6834"}],"curies":[{"name":"wp","href":"https:\/\/api.w.org\/{rel}","templated":true}]}}