{"id":7168,"date":"2025-01-07T19:33:32","date_gmt":"2025-01-07T18:33:32","guid":{"rendered":"https:\/\/urdaburu.eus\/?p=7168"},"modified":"2025-01-07T19:33:34","modified_gmt":"2025-01-07T18:33:34","slug":"11-de-enero-salida-de-marcha-nordica","status":"publish","type":"post","link":"https:\/\/urdaburu.eus\/es\/2025\/01\/11-de-enero-salida-de-marcha-nordica\/","title":{"rendered":"11 de enero: Salida de Marcha N\u00f3rdica"},"content":{"rendered":"\n<p>Queremos informaros sobre la salida de Marcha N\u00f3rdica que hemos organizado\u00a0<strong>para el pr\u00f3ximo d\u00eda 11 de enero (s\u00e1bado).<\/strong><\/p>\n\n\n\n<p><strong>Punto de encuentro:<\/strong>\u00a0A las 9:05 horas en la estaci\u00f3n de autobuses de Iztieta (el autob\u00fas que va a Policl\u00ednica, el E 03, sale a las 9:11 horas).<\/p>\n\n\n\n<p><strong>Recorrido<\/strong>:\u00a0Parques de San Sebasti\u00e1n (unos 10km). Comenzaremos en el parque de Miram\u00f3n y tras atravesar los parques de Puio y Aiete, finalizaremos en Amara.<\/p>\n\n\n\n<p><strong>QU\u00c9 LLEVAR:\u00a0<\/strong>Agua, zapatillas de deporte y los bastones de marcha n\u00f3rdica.<\/p>\n\n\n\n<p><strong><u>INSCRIPCI\u00d3N:<\/u><\/strong><br>-Hasta el 10 de enero.-La inscripci\u00f3n se realizar\u00e1 en el local de Urdaburu, bien presencialmente o por tel\u00e9fono en secretar\u00eda (martes y jueves de 19:00 a 21:00 horas) o mediante el siguiente formulario:<\/p>\n\n\n\n<p><a href=\"https:\/\/sites.google.com\/view\/urdaburumendizaleelkartea\/irteerak\/2025-01-11-ipar-martxa?authuser=0\" target=\"_blank\" rel=\"noreferrer noopener\">Inscripci\u00f3n<\/a><\/p>\n","protected":false},"excerpt":{"rendered":"<p>Queremos informaros sobre la salida de Marcha N\u00f3rdica que hemos organizado\u00a0para el pr\u00f3ximo d\u00eda 11 de enero (s\u00e1bado). Punto de encuentro:\u00a0A las 9:05 horas en<\/p>\n","protected":false},"author":2,"featured_media":4345,"comment_status":"closed","ping_status":"closed","sticky":false,"template":"","format":"standard","meta":[],"categories":[3],"tags":[],"yoast_head":"<!-- This site is optimized with the Yoast SEO plugin v19.1 - https:\/\/yoast.com\/wordpress\/plugins\/seo\/ -->\n<title>11 de enero: Salida de Marcha N\u00f3rdica - Urdaburu<\/title>\n<meta name=\"robots\" content=\"index, follow, max-snippet:-1, max-image-preview:large, max-video-preview:-1\" \/>\n<link rel=\"canonical\" href=\"https:\/\/urdaburu.eus\/es\/2025\/01\/11-de-enero-salida-de-marcha-nordica\/\" \/>\n<meta property=\"og:locale\" content=\"es_ES\" \/>\n<meta property=\"og:type\" content=\"article\" \/>\n<meta property=\"og:title\" content=\"11 de enero: Salida de Marcha N\u00f3rdica - Urdaburu\" \/>\n<meta property=\"og:description\" content=\"Queremos informaros sobre la salida de Marcha N\u00f3rdica que hemos organizado\u00a0para el pr\u00f3ximo d\u00eda 11 de enero (s\u00e1bado). Punto de encuentro:\u00a0A las 9:05 horas en\" \/>\n<meta property=\"og:url\" content=\"https:\/\/urdaburu.eus\/es\/2025\/01\/11-de-enero-salida-de-marcha-nordica\/\" \/>\n<meta property=\"og:site_name\" content=\"Urdaburu\" \/>\n<meta property=\"article:published_time\" content=\"2025-01-07T18:33:32+00:00\" \/>\n<meta property=\"article:modified_time\" content=\"2025-01-07T18:33:34+00:00\" \/>\n<meta property=\"og:image\" content=\"https:\/\/urdaburu.eus\/app\/uploads\/2022\/10\/Ipar-martxa-2022-10-01.jpg\" \/>\n\t<meta property=\"og:image:width\" content=\"800\" \/>\n\t<meta property=\"og:image:height\" content=\"528\" \/>\n\t<meta property=\"og:image:type\" content=\"image\/jpeg\" \/>\n<meta name=\"twitter:card\" content=\"summary_large_image\" \/>\n<meta name=\"twitter:label1\" content=\"Written by\" \/>\n\t<meta name=\"twitter:data1\" content=\"Urdaburu\" \/>\n\t<meta name=\"twitter:label2\" content=\"Est. reading time\" \/>\n\t<meta name=\"twitter:data2\" content=\"1 minuto\" \/>\n<script type=\"application\/ld+json\" class=\"yoast-schema-graph\">{\"@context\":\"https:\/\/schema.org\",\"@graph\":[{\"@type\":\"WebSite\",\"@id\":\"https:\/\/urdaburu.eus\/#website\",\"url\":\"https:\/\/urdaburu.eus\/\",\"name\":\"Urdaburu\",\"description\":\"Grupo de Monta\u00f1a \",\"potentialAction\":[{\"@type\":\"SearchAction\",\"target\":{\"@type\":\"EntryPoint\",\"urlTemplate\":\"https:\/\/urdaburu.eus\/?s={search_term_string}\"},\"query-input\":\"required name=search_term_string\"}],\"inLanguage\":\"es\"},{\"@type\":\"ImageObject\",\"inLanguage\":\"es\",\"@id\":\"https:\/\/urdaburu.eus\/es\/2025\/01\/11-de-enero-salida-de-marcha-nordica\/#primaryimage\",\"url\":\"\/app\/uploads\/2022\/10\/Ipar-martxa-2022-10-01.jpg\",\"contentUrl\":\"\/app\/uploads\/2022\/10\/Ipar-martxa-2022-10-01.jpg\",\"width\":800,\"height\":528},{\"@type\":\"WebPage\",\"@id\":\"https:\/\/urdaburu.eus\/es\/2025\/01\/11-de-enero-salida-de-marcha-nordica\/#webpage\",\"url\":\"https:\/\/urdaburu.eus\/es\/2025\/01\/11-de-enero-salida-de-marcha-nordica\/\",\"name\":\"11 de enero: Salida de Marcha N\u00f3rdica - Urdaburu\",\"isPartOf\":{\"@id\":\"https:\/\/urdaburu.eus\/#website\"},\"primaryImageOfPage\":{\"@id\":\"https:\/\/urdaburu.eus\/es\/2025\/01\/11-de-enero-salida-de-marcha-nordica\/#primaryimage\"},\"datePublished\":\"2025-01-07T18:33:32+00:00\",\"dateModified\":\"2025-01-07T18:33:34+00:00\",\"author\":{\"@id\":\"https:\/\/urdaburu.eus\/#\/schema\/person\/516009e451ff85719b12fcd9f67a2869\"},\"breadcrumb\":{\"@id\":\"https:\/\/urdaburu.eus\/es\/2025\/01\/11-de-enero-salida-de-marcha-nordica\/#breadcrumb\"},\"inLanguage\":\"es\",\"potentialAction\":[{\"@type\":\"ReadAction\",\"target\":[\"https:\/\/urdaburu.eus\/es\/2025\/01\/11-de-enero-salida-de-marcha-nordica\/\"]}]},{\"@type\":\"BreadcrumbList\",\"@id\":\"https:\/\/urdaburu.eus\/es\/2025\/01\/11-de-enero-salida-de-marcha-nordica\/#breadcrumb\",\"itemListElement\":[{\"@type\":\"ListItem\",\"position\":1,\"name\":\"Home\",\"item\":\"https:\/\/urdaburu.eus\/es\/\"},{\"@type\":\"ListItem\",\"position\":2,\"name\":\"11 de enero: Salida de Marcha N\u00f3rdica\"}]},{\"@type\":\"Person\",\"@id\":\"https:\/\/urdaburu.eus\/#\/schema\/person\/516009e451ff85719b12fcd9f67a2869\",\"name\":\"Urdaburu\",\"image\":{\"@type\":\"ImageObject\",\"inLanguage\":\"es\",\"@id\":\"https:\/\/urdaburu.eus\/#\/schema\/person\/image\/\",\"url\":\"https:\/\/secure.gravatar.com\/avatar\/8d332c7f045a0ada98d08782f91493a9?s=96&d=mm&r=g\",\"contentUrl\":\"https:\/\/secure.gravatar.com\/avatar\/8d332c7f045a0ada98d08782f91493a9?s=96&d=mm&r=g\",\"caption\":\"Urdaburu\"},\"url\":\"https:\/\/urdaburu.eus\/es\/author\/urdaburu\/\"}]}<\/script>\n<!-- \/ Yoast SEO plugin. -->","yoast_head_json":{"title":"11 de enero: Salida de Marcha N\u00f3rdica - Urdaburu","robots":{"index":"index","follow":"follow","max-snippet":"max-snippet:-1","max-image-preview":"max-image-preview:large","max-video-preview":"max-video-preview:-1"},"canonical":"https:\/\/urdaburu.eus\/es\/2025\/01\/11-de-enero-salida-de-marcha-nordica\/","og_locale":"es_ES","og_type":"article","og_title":"11 de enero: Salida de Marcha N\u00f3rdica - Urdaburu","og_description":"Queremos informaros sobre la salida de Marcha N\u00f3rdica que hemos organizado\u00a0para el pr\u00f3ximo d\u00eda 11 de enero (s\u00e1bado). Punto de encuentro:\u00a0A las 9:05 horas en","og_url":"https:\/\/urdaburu.eus\/es\/2025\/01\/11-de-enero-salida-de-marcha-nordica\/","og_site_name":"Urdaburu","article_published_time":"2025-01-07T18:33:32+00:00","article_modified_time":"2025-01-07T18:33:34+00:00","og_image":[{"width":800,"height":528,"url":"https:\/\/urdaburu.eus\/app\/uploads\/2022\/10\/Ipar-martxa-2022-10-01.jpg","type":"image\/jpeg"}],"twitter_card":"summary_large_image","twitter_misc":{"Written by":"Urdaburu","Est. reading time":"1 minuto"},"schema":{"@context":"https:\/\/schema.org","@graph":[{"@type":"WebSite","@id":"https:\/\/urdaburu.eus\/#website","url":"https:\/\/urdaburu.eus\/","name":"Urdaburu","description":"Grupo de Monta\u00f1a ","potentialAction":[{"@type":"SearchAction","target":{"@type":"EntryPoint","urlTemplate":"https:\/\/urdaburu.eus\/?s={search_term_string}"},"query-input":"required name=search_term_string"}],"inLanguage":"es"},{"@type":"ImageObject","inLanguage":"es","@id":"https:\/\/urdaburu.eus\/es\/2025\/01\/11-de-enero-salida-de-marcha-nordica\/#primaryimage","url":"\/app\/uploads\/2022\/10\/Ipar-martxa-2022-10-01.jpg","contentUrl":"\/app\/uploads\/2022\/10\/Ipar-martxa-2022-10-01.jpg","width":800,"height":528},{"@type":"WebPage","@id":"https:\/\/urdaburu.eus\/es\/2025\/01\/11-de-enero-salida-de-marcha-nordica\/#webpage","url":"https:\/\/urdaburu.eus\/es\/2025\/01\/11-de-enero-salida-de-marcha-nordica\/","name":"11 de enero: Salida de Marcha N\u00f3rdica - Urdaburu","isPartOf":{"@id":"https:\/\/urdaburu.eus\/#website"},"primaryImageOfPage":{"@id":"https:\/\/urdaburu.eus\/es\/2025\/01\/11-de-enero-salida-de-marcha-nordica\/#primaryimage"},"datePublished":"2025-01-07T18:33:32+00:00","dateModified":"2025-01-07T18:33:34+00:00","author":{"@id":"https:\/\/urdaburu.eus\/#\/schema\/person\/516009e451ff85719b12fcd9f67a2869"},"breadcrumb":{"@id":"https:\/\/urdaburu.eus\/es\/2025\/01\/11-de-enero-salida-de-marcha-nordica\/#breadcrumb"},"inLanguage":"es","potentialAction":[{"@type":"ReadAction","target":["https:\/\/urdaburu.eus\/es\/2025\/01\/11-de-enero-salida-de-marcha-nordica\/"]}]},{"@type":"BreadcrumbList","@id":"https:\/\/urdaburu.eus\/es\/2025\/01\/11-de-enero-salida-de-marcha-nordica\/#breadcrumb","itemListElement":[{"@type":"ListItem","position":1,"name":"Home","item":"https:\/\/urdaburu.eus\/es\/"},{"@type":"ListItem","position":2,"name":"11 de enero: Salida de Marcha N\u00f3rdica"}]},{"@type":"Person","@id":"https:\/\/urdaburu.eus\/#\/schema\/person\/516009e451ff85719b12fcd9f67a2869","name":"Urdaburu","image":{"@type":"ImageObject","inLanguage":"es","@id":"https:\/\/urdaburu.eus\/#\/schema\/person\/image\/","url":"https:\/\/secure.gravatar.com\/avatar\/8d332c7f045a0ada98d08782f91493a9?s=96&d=mm&r=g","contentUrl":"https:\/\/secure.gravatar.com\/avatar\/8d332c7f045a0ada98d08782f91493a9?s=96&d=mm&r=g","caption":"Urdaburu"},"url":"https:\/\/urdaburu.eus\/es\/author\/urdaburu\/"}]}},"_links":{"self":[{"href":"https:\/\/urdaburu.eus\/es\/wp-json\/wp\/v2\/posts\/7168"}],"collection":[{"href":"https:\/\/urdaburu.eus\/es\/wp-json\/wp\/v2\/posts"}],"about":[{"href":"https:\/\/urdaburu.eus\/es\/wp-json\/wp\/v2\/types\/post"}],"author":[{"embeddable":true,"href":"https:\/\/urdaburu.eus\/es\/wp-json\/wp\/v2\/users\/2"}],"replies":[{"embeddable":true,"href":"https:\/\/urdaburu.eus\/es\/wp-json\/wp\/v2\/comments?post=7168"}],"version-history":[{"count":1,"href":"https:\/\/urdaburu.eus\/es\/wp-json\/wp\/v2\/posts\/7168\/revisions"}],"predecessor-version":[{"id":7169,"href":"https:\/\/urdaburu.eus\/es\/wp-json\/wp\/v2\/posts\/7168\/revisions\/7169"}],"wp:featuredmedia":[{"embeddable":true,"href":"https:\/\/urdaburu.eus\/es\/wp-json\/wp\/v2\/media\/4345"}],"wp:attachment":[{"href":"https:\/\/urdaburu.eus\/es\/wp-json\/wp\/v2\/media?parent=7168"}],"wp:term":[{"taxonomy":"category","embeddable":true,"href":"https:\/\/urdaburu.eus\/es\/wp-json\/wp\/v2\/categories?post=7168"},{"taxonomy":"post_tag","embeddable":true,"href":"https:\/\/urdaburu.eus\/es\/wp-json\/wp\/v2\/tags?post=7168"}],"curies":[{"name":"wp","href":"https:\/\/api.w.org\/{rel}","templated":true}]}}