{"id":7350,"date":"2025-03-20T13:57:58","date_gmt":"2025-03-20T12:57:58","guid":{"rendered":"https:\/\/urdaburu.eus\/2025\/03\/celebrada-la-marcha-regulada-escolar\/"},"modified":"2025-03-20T13:57:59","modified_gmt":"2025-03-20T12:57:59","slug":"celebrada-la-marcha-regulada-escolar","status":"publish","type":"post","link":"https:\/\/urdaburu.eus\/es\/2025\/03\/celebrada-la-marcha-regulada-escolar\/","title":{"rendered":"Celebrada la marcha regulada escolar"},"content":{"rendered":"\n<p>El pasado domingo, 17 de marzo, celebramos la marcha regulada escolar que esta vez nos toc\u00f3 organizar. En total participaron 148 ni\u00f1os y 75 adultos, y cinco centros escolares de la comarca: Telleri, Ama Guadalupekoa, Lezo Herri eskola, Orereta ikastola y La Salle San Marcial. Preparamos dos rutas que sub\u00edan a Bizarain, una de 8 km y otra de 10 &#8216;5 km. A pesar de la fr\u00eda ma\u00f1ana, tambi\u00e9n fue soleada. Desde aqu\u00ed queremos agradecer a todos los participantes y a los padres y socios que actuaron como voluntarios.&#13;\nFOTOS <a href=\"https:\/\/www.flickr.com\/photos\/195341817@N02\/albums\/72177720324555164\">https:\/\/www.flickr.com\/photos\/195341817@N02\/albums\/72177720324555164<\/a><\/p>\n","protected":false},"excerpt":{"rendered":"<p>El pasado domingo, 17 de marzo, celebramos la marcha regulada escolar que esta vez nos toc\u00f3 organizar. En total participaron 148 ni\u00f1os y 75 adultos,<\/p>\n","protected":false},"author":4,"featured_media":0,"comment_status":"closed","ping_status":"closed","sticky":false,"template":"","format":"standard","meta":[],"categories":[68],"tags":[],"yoast_head":"<!-- This site is optimized with the Yoast SEO plugin v19.1 - https:\/\/yoast.com\/wordpress\/plugins\/seo\/ -->\n<title>Celebrada la marcha regulada escolar - Urdaburu<\/title>\n<meta name=\"robots\" content=\"index, follow, max-snippet:-1, max-image-preview:large, max-video-preview:-1\" \/>\n<link rel=\"canonical\" href=\"https:\/\/urdaburu.eus\/es\/2025\/03\/celebrada-la-marcha-regulada-escolar\/\" \/>\n<meta property=\"og:locale\" content=\"es_ES\" \/>\n<meta property=\"og:type\" content=\"article\" \/>\n<meta property=\"og:title\" content=\"Celebrada la marcha regulada escolar - Urdaburu\" \/>\n<meta property=\"og:description\" content=\"El pasado domingo, 17 de marzo, celebramos la marcha regulada escolar que esta vez nos toc\u00f3 organizar. En total participaron 148 ni\u00f1os y 75 adultos,\" \/>\n<meta property=\"og:url\" content=\"https:\/\/urdaburu.eus\/es\/2025\/03\/celebrada-la-marcha-regulada-escolar\/\" \/>\n<meta property=\"og:site_name\" content=\"Urdaburu\" \/>\n<meta property=\"article:published_time\" content=\"2025-03-20T12:57:58+00:00\" \/>\n<meta property=\"article:modified_time\" content=\"2025-03-20T12:57:59+00:00\" \/>\n<meta name=\"twitter:card\" content=\"summary_large_image\" \/>\n<meta name=\"twitter:label1\" content=\"Written by\" \/>\n\t<meta name=\"twitter:data1\" content=\"Urdaburu ME\" \/>\n<script type=\"application\/ld+json\" class=\"yoast-schema-graph\">{\"@context\":\"https:\/\/schema.org\",\"@graph\":[{\"@type\":\"WebSite\",\"@id\":\"https:\/\/urdaburu.eus\/#website\",\"url\":\"https:\/\/urdaburu.eus\/\",\"name\":\"Urdaburu\",\"description\":\"Grupo de Monta\u00f1a \",\"potentialAction\":[{\"@type\":\"SearchAction\",\"target\":{\"@type\":\"EntryPoint\",\"urlTemplate\":\"https:\/\/urdaburu.eus\/?s={search_term_string}\"},\"query-input\":\"required name=search_term_string\"}],\"inLanguage\":\"es\"},{\"@type\":\"WebPage\",\"@id\":\"https:\/\/urdaburu.eus\/es\/2025\/03\/celebrada-la-marcha-regulada-escolar\/#webpage\",\"url\":\"https:\/\/urdaburu.eus\/es\/2025\/03\/celebrada-la-marcha-regulada-escolar\/\",\"name\":\"Celebrada la marcha regulada escolar - Urdaburu\",\"isPartOf\":{\"@id\":\"https:\/\/urdaburu.eus\/#website\"},\"datePublished\":\"2025-03-20T12:57:58+00:00\",\"dateModified\":\"2025-03-20T12:57:59+00:00\",\"author\":{\"@id\":\"https:\/\/urdaburu.eus\/#\/schema\/person\/59c2f9f1cd8601668d2f60d21c4e8c28\"},\"breadcrumb\":{\"@id\":\"https:\/\/urdaburu.eus\/es\/2025\/03\/celebrada-la-marcha-regulada-escolar\/#breadcrumb\"},\"inLanguage\":\"es\",\"potentialAction\":[{\"@type\":\"ReadAction\",\"target\":[\"https:\/\/urdaburu.eus\/es\/2025\/03\/celebrada-la-marcha-regulada-escolar\/\"]}]},{\"@type\":\"BreadcrumbList\",\"@id\":\"https:\/\/urdaburu.eus\/es\/2025\/03\/celebrada-la-marcha-regulada-escolar\/#breadcrumb\",\"itemListElement\":[{\"@type\":\"ListItem\",\"position\":1,\"name\":\"Home\",\"item\":\"https:\/\/urdaburu.eus\/es\/\"},{\"@type\":\"ListItem\",\"position\":2,\"name\":\"Celebrada la marcha regulada escolar\"}]},{\"@type\":\"Person\",\"@id\":\"https:\/\/urdaburu.eus\/#\/schema\/person\/59c2f9f1cd8601668d2f60d21c4e8c28\",\"name\":\"Urdaburu ME\",\"image\":{\"@type\":\"ImageObject\",\"inLanguage\":\"es\",\"@id\":\"https:\/\/urdaburu.eus\/#\/schema\/person\/image\/\",\"url\":\"https:\/\/secure.gravatar.com\/avatar\/fa57267273759411cf56b0de412e3780?s=96&d=mm&r=g\",\"contentUrl\":\"https:\/\/secure.gravatar.com\/avatar\/fa57267273759411cf56b0de412e3780?s=96&d=mm&r=g\",\"caption\":\"Urdaburu ME\"},\"url\":\"https:\/\/urdaburu.eus\/es\/author\/iprieto\/\"}]}<\/script>\n<!-- \/ Yoast SEO plugin. -->","yoast_head_json":{"title":"Celebrada la marcha regulada escolar - Urdaburu","robots":{"index":"index","follow":"follow","max-snippet":"max-snippet:-1","max-image-preview":"max-image-preview:large","max-video-preview":"max-video-preview:-1"},"canonical":"https:\/\/urdaburu.eus\/es\/2025\/03\/celebrada-la-marcha-regulada-escolar\/","og_locale":"es_ES","og_type":"article","og_title":"Celebrada la marcha regulada escolar - Urdaburu","og_description":"El pasado domingo, 17 de marzo, celebramos la marcha regulada escolar que esta vez nos toc\u00f3 organizar. En total participaron 148 ni\u00f1os y 75 adultos,","og_url":"https:\/\/urdaburu.eus\/es\/2025\/03\/celebrada-la-marcha-regulada-escolar\/","og_site_name":"Urdaburu","article_published_time":"2025-03-20T12:57:58+00:00","article_modified_time":"2025-03-20T12:57:59+00:00","twitter_card":"summary_large_image","twitter_misc":{"Written by":"Urdaburu ME"},"schema":{"@context":"https:\/\/schema.org","@graph":[{"@type":"WebSite","@id":"https:\/\/urdaburu.eus\/#website","url":"https:\/\/urdaburu.eus\/","name":"Urdaburu","description":"Grupo de Monta\u00f1a ","potentialAction":[{"@type":"SearchAction","target":{"@type":"EntryPoint","urlTemplate":"https:\/\/urdaburu.eus\/?s={search_term_string}"},"query-input":"required name=search_term_string"}],"inLanguage":"es"},{"@type":"WebPage","@id":"https:\/\/urdaburu.eus\/es\/2025\/03\/celebrada-la-marcha-regulada-escolar\/#webpage","url":"https:\/\/urdaburu.eus\/es\/2025\/03\/celebrada-la-marcha-regulada-escolar\/","name":"Celebrada la marcha regulada escolar - Urdaburu","isPartOf":{"@id":"https:\/\/urdaburu.eus\/#website"},"datePublished":"2025-03-20T12:57:58+00:00","dateModified":"2025-03-20T12:57:59+00:00","author":{"@id":"https:\/\/urdaburu.eus\/#\/schema\/person\/59c2f9f1cd8601668d2f60d21c4e8c28"},"breadcrumb":{"@id":"https:\/\/urdaburu.eus\/es\/2025\/03\/celebrada-la-marcha-regulada-escolar\/#breadcrumb"},"inLanguage":"es","potentialAction":[{"@type":"ReadAction","target":["https:\/\/urdaburu.eus\/es\/2025\/03\/celebrada-la-marcha-regulada-escolar\/"]}]},{"@type":"BreadcrumbList","@id":"https:\/\/urdaburu.eus\/es\/2025\/03\/celebrada-la-marcha-regulada-escolar\/#breadcrumb","itemListElement":[{"@type":"ListItem","position":1,"name":"Home","item":"https:\/\/urdaburu.eus\/es\/"},{"@type":"ListItem","position":2,"name":"Celebrada la marcha regulada escolar"}]},{"@type":"Person","@id":"https:\/\/urdaburu.eus\/#\/schema\/person\/59c2f9f1cd8601668d2f60d21c4e8c28","name":"Urdaburu ME","image":{"@type":"ImageObject","inLanguage":"es","@id":"https:\/\/urdaburu.eus\/#\/schema\/person\/image\/","url":"https:\/\/secure.gravatar.com\/avatar\/fa57267273759411cf56b0de412e3780?s=96&d=mm&r=g","contentUrl":"https:\/\/secure.gravatar.com\/avatar\/fa57267273759411cf56b0de412e3780?s=96&d=mm&r=g","caption":"Urdaburu ME"},"url":"https:\/\/urdaburu.eus\/es\/author\/iprieto\/"}]}},"_links":{"self":[{"href":"https:\/\/urdaburu.eus\/es\/wp-json\/wp\/v2\/posts\/7350"}],"collection":[{"href":"https:\/\/urdaburu.eus\/es\/wp-json\/wp\/v2\/posts"}],"about":[{"href":"https:\/\/urdaburu.eus\/es\/wp-json\/wp\/v2\/types\/post"}],"author":[{"embeddable":true,"href":"https:\/\/urdaburu.eus\/es\/wp-json\/wp\/v2\/users\/4"}],"replies":[{"embeddable":true,"href":"https:\/\/urdaburu.eus\/es\/wp-json\/wp\/v2\/comments?post=7350"}],"version-history":[{"count":1,"href":"https:\/\/urdaburu.eus\/es\/wp-json\/wp\/v2\/posts\/7350\/revisions"}],"predecessor-version":[{"id":7351,"href":"https:\/\/urdaburu.eus\/es\/wp-json\/wp\/v2\/posts\/7350\/revisions\/7351"}],"wp:attachment":[{"href":"https:\/\/urdaburu.eus\/es\/wp-json\/wp\/v2\/media?parent=7350"}],"wp:term":[{"taxonomy":"category","embeddable":true,"href":"https:\/\/urdaburu.eus\/es\/wp-json\/wp\/v2\/categories?post=7350"},{"taxonomy":"post_tag","embeddable":true,"href":"https:\/\/urdaburu.eus\/es\/wp-json\/wp\/v2\/tags?post=7350"}],"curies":[{"name":"wp","href":"https:\/\/api.w.org\/{rel}","templated":true}]}}