{"id":7524,"date":"2025-07-20T20:38:25","date_gmt":"2025-07-20T19:38:25","guid":{"rendered":"https:\/\/urdaburu.eus\/2025\/07\/realizada-la-28a-etapa-de-la-vuelta-a-alava-entre-gesalibar-y-arlaban\/"},"modified":"2025-07-20T20:38:32","modified_gmt":"2025-07-20T19:38:32","slug":"realizada-la-28a-etapa-de-la-vuelta-a-alava-entre-gesalibar-y-arlaban","status":"publish","type":"post","link":"https:\/\/urdaburu.eus\/es\/2025\/07\/realizada-la-28a-etapa-de-la-vuelta-a-alava-entre-gesalibar-y-arlaban\/","title":{"rendered":"Realizada la 28\u00aa etapa de la Vuelta a Alava entre Gesalibar y Arlaban"},"content":{"rendered":"\n<p><p>Ayer, s\u00e1bado, celebramos la 28\u00aa etapa de la Vuelta a Alava, entre Gesalibar y Arlaban, con 41 participantes. Est vez tocaba una etapa un m\u00e1s larga y dura. El recorrido result\u00f3 bastante agradable (con algunas partes feas) y el tiempo fue mediocre, sin lluvia ni calor. Partiendo del barrio de Gesalibar de Arrasate, primeramente subimos el monte Murugain, bajando al barrio Untzilla de Aramaio. Tras el hamaiketako pisamos la cima de Durakogain, bajando al puerto de Kurtzeta. Y la \u00faltima cima del d\u00eda fue Jarindo, finalizando en el alto de Arlaban. Despu\u00e9s de la excursi\u00f3n fuimos a comer a Gesalibar. <br\/><b>VER FOTOS: <a href=\"https:\/\/www.flickr.com\/photos\/195341817@N02\/albums\/72177720327661375\" target=\"_BLANK\" data-mce-href=\"https:\/\/www.flickr.com\/photos\/195341817@N02\/albums\/72177720327661375\" rel=\"noopener\"> https:\/\/www.flickr.com\/photos\/195341817@N02\/albums\/72177720327661375<\/a><\/b><\/p><\/p>\n\n<figure class=\"wp-block-image\"><img src=\"https:\/\/staging-jubilee.flickr.com\/65535\/54667777595_6080f78fcf_c.jpg\" alt=\"\"\/><\/figure>\n\n<figure class=\"wp-block-image\"><img src=\"https:\/\/staging-jubilee.flickr.com\/65535\/54667693604_08609ca567_c.jpg\" alt=\"\"\/><\/figure>\n\n<p><p><img src=\"https:\/\/staging-jubilee.flickr.com\/65535\/54667450996_0a035b37d3_c.jpg\" width=\"800\" data-mce-src=\"https:\/\/staging-jubilee.flickr.com\/65535\/54667450996_0a035b37d3_c.jpg\"\/>\u00a0<\/p><\/p>\n","protected":false},"excerpt":{"rendered":"<p>Ayer, s\u00e1bado, celebramos la 28\u00aa etapa de la Vuelta a Alava, entre Gesalibar y Arlaban, con 41 participantes. Est vez tocaba una etapa un m\u00e1s<\/p>\n","protected":false},"author":4,"featured_media":0,"comment_status":"closed","ping_status":"closed","sticky":false,"template":"","format":"standard","meta":[],"categories":[48],"tags":[],"yoast_head":"<!-- This site is optimized with the Yoast SEO plugin v19.1 - https:\/\/yoast.com\/wordpress\/plugins\/seo\/ -->\n<title>Realizada la 28\u00aa etapa de la Vuelta a Alava entre Gesalibar y Arlaban - Urdaburu<\/title>\n<meta name=\"robots\" content=\"index, follow, max-snippet:-1, max-image-preview:large, max-video-preview:-1\" \/>\n<link rel=\"canonical\" href=\"https:\/\/urdaburu.eus\/es\/2025\/07\/realizada-la-28a-etapa-de-la-vuelta-a-alava-entre-gesalibar-y-arlaban\/\" \/>\n<meta property=\"og:locale\" content=\"es_ES\" \/>\n<meta property=\"og:type\" content=\"article\" \/>\n<meta property=\"og:title\" content=\"Realizada la 28\u00aa etapa de la Vuelta a Alava entre Gesalibar y Arlaban - Urdaburu\" \/>\n<meta property=\"og:description\" content=\"Ayer, s\u00e1bado, celebramos la 28\u00aa etapa de la Vuelta a Alava, entre Gesalibar y Arlaban, con 41 participantes. Est vez tocaba una etapa un m\u00e1s\" \/>\n<meta property=\"og:url\" content=\"https:\/\/urdaburu.eus\/es\/2025\/07\/realizada-la-28a-etapa-de-la-vuelta-a-alava-entre-gesalibar-y-arlaban\/\" \/>\n<meta property=\"og:site_name\" content=\"Urdaburu\" \/>\n<meta property=\"article:published_time\" content=\"2025-07-20T19:38:25+00:00\" \/>\n<meta property=\"article:modified_time\" content=\"2025-07-20T19:38:32+00:00\" \/>\n<meta property=\"og:image\" content=\"https:\/\/staging-jubilee.flickr.com\/65535\/54667777595_6080f78fcf_c.jpg\" \/>\n<meta name=\"twitter:card\" content=\"summary_large_image\" \/>\n<meta name=\"twitter:label1\" content=\"Written by\" \/>\n\t<meta name=\"twitter:data1\" content=\"Urdaburu ME\" \/>\n\t<meta name=\"twitter:label2\" content=\"Est. reading time\" \/>\n\t<meta name=\"twitter:data2\" content=\"1 minuto\" \/>\n<script type=\"application\/ld+json\" class=\"yoast-schema-graph\">{\"@context\":\"https:\/\/schema.org\",\"@graph\":[{\"@type\":\"WebSite\",\"@id\":\"https:\/\/urdaburu.eus\/#website\",\"url\":\"https:\/\/urdaburu.eus\/\",\"name\":\"Urdaburu\",\"description\":\"Grupo de Monta\u00f1a \",\"potentialAction\":[{\"@type\":\"SearchAction\",\"target\":{\"@type\":\"EntryPoint\",\"urlTemplate\":\"https:\/\/urdaburu.eus\/?s={search_term_string}\"},\"query-input\":\"required name=search_term_string\"}],\"inLanguage\":\"es\"},{\"@type\":\"ImageObject\",\"inLanguage\":\"es\",\"@id\":\"https:\/\/urdaburu.eus\/es\/2025\/07\/realizada-la-28a-etapa-de-la-vuelta-a-alava-entre-gesalibar-y-arlaban\/#primaryimage\",\"url\":\"https:\/\/staging-jubilee.flickr.com\/65535\/54667777595_6080f78fcf_c.jpg\",\"contentUrl\":\"https:\/\/staging-jubilee.flickr.com\/65535\/54667777595_6080f78fcf_c.jpg\"},{\"@type\":\"WebPage\",\"@id\":\"https:\/\/urdaburu.eus\/es\/2025\/07\/realizada-la-28a-etapa-de-la-vuelta-a-alava-entre-gesalibar-y-arlaban\/#webpage\",\"url\":\"https:\/\/urdaburu.eus\/es\/2025\/07\/realizada-la-28a-etapa-de-la-vuelta-a-alava-entre-gesalibar-y-arlaban\/\",\"name\":\"Realizada la 28\u00aa etapa de la Vuelta a Alava entre Gesalibar y Arlaban - Urdaburu\",\"isPartOf\":{\"@id\":\"https:\/\/urdaburu.eus\/#website\"},\"primaryImageOfPage\":{\"@id\":\"https:\/\/urdaburu.eus\/es\/2025\/07\/realizada-la-28a-etapa-de-la-vuelta-a-alava-entre-gesalibar-y-arlaban\/#primaryimage\"},\"datePublished\":\"2025-07-20T19:38:25+00:00\",\"dateModified\":\"2025-07-20T19:38:32+00:00\",\"author\":{\"@id\":\"https:\/\/urdaburu.eus\/#\/schema\/person\/59c2f9f1cd8601668d2f60d21c4e8c28\"},\"breadcrumb\":{\"@id\":\"https:\/\/urdaburu.eus\/es\/2025\/07\/realizada-la-28a-etapa-de-la-vuelta-a-alava-entre-gesalibar-y-arlaban\/#breadcrumb\"},\"inLanguage\":\"es\",\"potentialAction\":[{\"@type\":\"ReadAction\",\"target\":[\"https:\/\/urdaburu.eus\/es\/2025\/07\/realizada-la-28a-etapa-de-la-vuelta-a-alava-entre-gesalibar-y-arlaban\/\"]}]},{\"@type\":\"BreadcrumbList\",\"@id\":\"https:\/\/urdaburu.eus\/es\/2025\/07\/realizada-la-28a-etapa-de-la-vuelta-a-alava-entre-gesalibar-y-arlaban\/#breadcrumb\",\"itemListElement\":[{\"@type\":\"ListItem\",\"position\":1,\"name\":\"Home\",\"item\":\"https:\/\/urdaburu.eus\/es\/\"},{\"@type\":\"ListItem\",\"position\":2,\"name\":\"Realizada la 28\u00aa etapa de la Vuelta a Alava entre Gesalibar y Arlaban\"}]},{\"@type\":\"Person\",\"@id\":\"https:\/\/urdaburu.eus\/#\/schema\/person\/59c2f9f1cd8601668d2f60d21c4e8c28\",\"name\":\"Urdaburu ME\",\"image\":{\"@type\":\"ImageObject\",\"inLanguage\":\"es\",\"@id\":\"https:\/\/urdaburu.eus\/#\/schema\/person\/image\/\",\"url\":\"https:\/\/secure.gravatar.com\/avatar\/fa57267273759411cf56b0de412e3780?s=96&d=mm&r=g\",\"contentUrl\":\"https:\/\/secure.gravatar.com\/avatar\/fa57267273759411cf56b0de412e3780?s=96&d=mm&r=g\",\"caption\":\"Urdaburu ME\"},\"url\":\"https:\/\/urdaburu.eus\/es\/author\/iprieto\/\"}]}<\/script>\n<!-- \/ Yoast SEO plugin. -->","yoast_head_json":{"title":"Realizada la 28\u00aa etapa de la Vuelta a Alava entre Gesalibar y Arlaban - Urdaburu","robots":{"index":"index","follow":"follow","max-snippet":"max-snippet:-1","max-image-preview":"max-image-preview:large","max-video-preview":"max-video-preview:-1"},"canonical":"https:\/\/urdaburu.eus\/es\/2025\/07\/realizada-la-28a-etapa-de-la-vuelta-a-alava-entre-gesalibar-y-arlaban\/","og_locale":"es_ES","og_type":"article","og_title":"Realizada la 28\u00aa etapa de la Vuelta a Alava entre Gesalibar y Arlaban - Urdaburu","og_description":"Ayer, s\u00e1bado, celebramos la 28\u00aa etapa de la Vuelta a Alava, entre Gesalibar y Arlaban, con 41 participantes. Est vez tocaba una etapa un m\u00e1s","og_url":"https:\/\/urdaburu.eus\/es\/2025\/07\/realizada-la-28a-etapa-de-la-vuelta-a-alava-entre-gesalibar-y-arlaban\/","og_site_name":"Urdaburu","article_published_time":"2025-07-20T19:38:25+00:00","article_modified_time":"2025-07-20T19:38:32+00:00","og_image":[{"url":"https:\/\/staging-jubilee.flickr.com\/65535\/54667777595_6080f78fcf_c.jpg"}],"twitter_card":"summary_large_image","twitter_misc":{"Written by":"Urdaburu ME","Est. reading time":"1 minuto"},"schema":{"@context":"https:\/\/schema.org","@graph":[{"@type":"WebSite","@id":"https:\/\/urdaburu.eus\/#website","url":"https:\/\/urdaburu.eus\/","name":"Urdaburu","description":"Grupo de Monta\u00f1a ","potentialAction":[{"@type":"SearchAction","target":{"@type":"EntryPoint","urlTemplate":"https:\/\/urdaburu.eus\/?s={search_term_string}"},"query-input":"required name=search_term_string"}],"inLanguage":"es"},{"@type":"ImageObject","inLanguage":"es","@id":"https:\/\/urdaburu.eus\/es\/2025\/07\/realizada-la-28a-etapa-de-la-vuelta-a-alava-entre-gesalibar-y-arlaban\/#primaryimage","url":"https:\/\/staging-jubilee.flickr.com\/65535\/54667777595_6080f78fcf_c.jpg","contentUrl":"https:\/\/staging-jubilee.flickr.com\/65535\/54667777595_6080f78fcf_c.jpg"},{"@type":"WebPage","@id":"https:\/\/urdaburu.eus\/es\/2025\/07\/realizada-la-28a-etapa-de-la-vuelta-a-alava-entre-gesalibar-y-arlaban\/#webpage","url":"https:\/\/urdaburu.eus\/es\/2025\/07\/realizada-la-28a-etapa-de-la-vuelta-a-alava-entre-gesalibar-y-arlaban\/","name":"Realizada la 28\u00aa etapa de la Vuelta a Alava entre Gesalibar y Arlaban - Urdaburu","isPartOf":{"@id":"https:\/\/urdaburu.eus\/#website"},"primaryImageOfPage":{"@id":"https:\/\/urdaburu.eus\/es\/2025\/07\/realizada-la-28a-etapa-de-la-vuelta-a-alava-entre-gesalibar-y-arlaban\/#primaryimage"},"datePublished":"2025-07-20T19:38:25+00:00","dateModified":"2025-07-20T19:38:32+00:00","author":{"@id":"https:\/\/urdaburu.eus\/#\/schema\/person\/59c2f9f1cd8601668d2f60d21c4e8c28"},"breadcrumb":{"@id":"https:\/\/urdaburu.eus\/es\/2025\/07\/realizada-la-28a-etapa-de-la-vuelta-a-alava-entre-gesalibar-y-arlaban\/#breadcrumb"},"inLanguage":"es","potentialAction":[{"@type":"ReadAction","target":["https:\/\/urdaburu.eus\/es\/2025\/07\/realizada-la-28a-etapa-de-la-vuelta-a-alava-entre-gesalibar-y-arlaban\/"]}]},{"@type":"BreadcrumbList","@id":"https:\/\/urdaburu.eus\/es\/2025\/07\/realizada-la-28a-etapa-de-la-vuelta-a-alava-entre-gesalibar-y-arlaban\/#breadcrumb","itemListElement":[{"@type":"ListItem","position":1,"name":"Home","item":"https:\/\/urdaburu.eus\/es\/"},{"@type":"ListItem","position":2,"name":"Realizada la 28\u00aa etapa de la Vuelta a Alava entre Gesalibar y Arlaban"}]},{"@type":"Person","@id":"https:\/\/urdaburu.eus\/#\/schema\/person\/59c2f9f1cd8601668d2f60d21c4e8c28","name":"Urdaburu ME","image":{"@type":"ImageObject","inLanguage":"es","@id":"https:\/\/urdaburu.eus\/#\/schema\/person\/image\/","url":"https:\/\/secure.gravatar.com\/avatar\/fa57267273759411cf56b0de412e3780?s=96&d=mm&r=g","contentUrl":"https:\/\/secure.gravatar.com\/avatar\/fa57267273759411cf56b0de412e3780?s=96&d=mm&r=g","caption":"Urdaburu ME"},"url":"https:\/\/urdaburu.eus\/es\/author\/iprieto\/"}]}},"_links":{"self":[{"href":"https:\/\/urdaburu.eus\/es\/wp-json\/wp\/v2\/posts\/7524"}],"collection":[{"href":"https:\/\/urdaburu.eus\/es\/wp-json\/wp\/v2\/posts"}],"about":[{"href":"https:\/\/urdaburu.eus\/es\/wp-json\/wp\/v2\/types\/post"}],"author":[{"embeddable":true,"href":"https:\/\/urdaburu.eus\/es\/wp-json\/wp\/v2\/users\/4"}],"replies":[{"embeddable":true,"href":"https:\/\/urdaburu.eus\/es\/wp-json\/wp\/v2\/comments?post=7524"}],"version-history":[{"count":3,"href":"https:\/\/urdaburu.eus\/es\/wp-json\/wp\/v2\/posts\/7524\/revisions"}],"predecessor-version":[{"id":7527,"href":"https:\/\/urdaburu.eus\/es\/wp-json\/wp\/v2\/posts\/7524\/revisions\/7527"}],"wp:attachment":[{"href":"https:\/\/urdaburu.eus\/es\/wp-json\/wp\/v2\/media?parent=7524"}],"wp:term":[{"taxonomy":"category","embeddable":true,"href":"https:\/\/urdaburu.eus\/es\/wp-json\/wp\/v2\/categories?post=7524"},{"taxonomy":"post_tag","embeddable":true,"href":"https:\/\/urdaburu.eus\/es\/wp-json\/wp\/v2\/tags?post=7524"}],"curies":[{"name":"wp","href":"https:\/\/api.w.org\/{rel}","templated":true}]}}