{"id":8063,"date":"2026-01-22T21:00:33","date_gmt":"2026-01-22T20:00:33","guid":{"rendered":"https:\/\/urdaburu.eus\/?p=8063"},"modified":"2026-01-22T21:03:35","modified_gmt":"2026-01-22T20:03:35","slug":"8063","status":"publish","type":"post","link":"https:\/\/urdaburu.eus\/es\/2026\/01\/8063\/","title":{"rendered":""},"content":{"rendered":"\n<p>Queremos informaros sobre la segunda salida de Marcha N\u00f3rdica de este a\u00f1o que hemos organizado\u00a0<strong>para el pr\u00f3ximo d\u00eda 8 de febrero (domingo).<\/strong><\/p>\n\n\n\n<p>Como hemos organizado una comida en la sidrer\u00eda Itxas-buru (solo para los que quieran), he aqu\u00ed los detalles:<\/p>\n\n\n\n<p><strong>PUNTO DE ENCUENTRO:\u00a0<\/strong>Quedaremos a las 9:25 horas en la parada del tren de Lezo-Errenteria (el tren sale a las 9:33 horas) o a las 10:05 horas en la parada del tren del centro de Hernani.<\/p>\n\n\n\n<p><strong>RECORRIDO:<\/strong>\u00a0\u00abCamino de las sidrer\u00edas\u00bb, un recorrido circular de unos 9 km, con un par de cuestas y sobre asfalto que nos llevar\u00e1 a varias sidrer\u00edas. A 1,5 km antes de finalizar el recorrido en la estaci\u00f3n de tren, se encuentra la sidrer\u00eda Itxas-buru. En este punto haremos dos grupos:<\/p>\n\n\n\n<ol><li>Grupo: Los que no se detengan en la comida, seguir\u00e1n adelante con un responsable hasta la estaci\u00f3n de tren y ah\u00ed terminar\u00e1n la caminata.<\/li><li>Grupo: Los que se queden en la comida se quedaran haciendo txotx en la sidrer\u00eda Itxas-buru hasta que vuelva el responsable.<\/li><\/ol>\n\n\n\n<p>Comida (Men\u00fa de sidrer\u00eda 45-50 euros).<br>Despu\u00e9s de comer iremos andando a la estaci\u00f3n del tren (aproximadamente 15 min).<\/p>\n\n\n\n<p><strong>QU\u00c9 LLEVAR:\u00a0<\/strong>Agua, zapatillas de deporte y los bastones de marcha n\u00f3rdica.<\/p>\n\n\n\n<p><strong><u>INSCRIPCI\u00d3N:<\/u><\/strong><br>-La inscripci\u00f3n se realizar\u00e1 en el local de Urdaburu, bien presencialmente o por tel\u00e9fono en secretar\u00eda (martes y jueves de 19:00 a 21:00 horas) o mediante el siguiente formulario,&nbsp;indicando si vas a ir a la excursi\u00f3n y a la comida o solo a la excursi\u00f3n:<\/p>\n\n\n\n<p><a href=\"https:\/\/sites.google.com\/view\/urdaburumendizaleelkartea\/irteerak\/2026-02-08-ipar-martxa?authuser=0\" target=\"_blank\" rel=\"noreferrer noopener\">Inscripci\u00f3n<\/a><\/p>\n\n\n\n<p>Plazas limitadas para la comida, tendr\u00e1n prioridad las personas del grupo de Marcha N\u00f3rdica de Urdaburu, se respetar\u00e1 el orden de inscripci\u00f3n.<br>Plazo de inscripci\u00f3n para la comida: hasta el jueves 29 de enero.<br>Plazo de inscripci\u00f3n exclusivamente para la marcha: hasta el s\u00e1bado 7 de febrero.<\/p>\n","protected":false},"excerpt":{"rendered":"<p>Queremos informaros sobre la segunda salida de Marcha N\u00f3rdica de este a\u00f1o que hemos organizado\u00a0para el pr\u00f3ximo d\u00eda 8 de febrero (domingo). Como hemos organizado<\/p>\n","protected":false},"author":2,"featured_media":7286,"comment_status":"closed","ping_status":"closed","sticky":false,"template":"","format":"standard","meta":[],"categories":[3],"tags":[],"yoast_head":"<!-- This site is optimized with the Yoast SEO plugin v19.1 - https:\/\/yoast.com\/wordpress\/plugins\/seo\/ -->\n<title>- Urdaburu<\/title>\n<meta name=\"robots\" content=\"index, follow, max-snippet:-1, max-image-preview:large, max-video-preview:-1\" \/>\n<link rel=\"canonical\" href=\"https:\/\/urdaburu.eus\/es\/2026\/01\/8063\/\" \/>\n<meta property=\"og:locale\" content=\"es_ES\" \/>\n<meta property=\"og:type\" content=\"article\" \/>\n<meta property=\"og:title\" content=\"- Urdaburu\" \/>\n<meta property=\"og:description\" content=\"Queremos informaros sobre la segunda salida de Marcha N\u00f3rdica de este a\u00f1o que hemos organizado\u00a0para el pr\u00f3ximo d\u00eda 8 de febrero (domingo). Como hemos organizado\" \/>\n<meta property=\"og:url\" content=\"https:\/\/urdaburu.eus\/es\/2026\/01\/8063\/\" \/>\n<meta property=\"og:site_name\" content=\"Urdaburu\" \/>\n<meta property=\"article:published_time\" content=\"2026-01-22T20:00:33+00:00\" \/>\n<meta property=\"article:modified_time\" content=\"2026-01-22T20:03:35+00:00\" \/>\n<meta property=\"og:image\" content=\"https:\/\/urdaburu.eus\/app\/uploads\/2025\/02\/nordic_walking2.png\" \/>\n\t<meta property=\"og:image:width\" content=\"1312\" \/>\n\t<meta property=\"og:image:height\" content=\"784\" \/>\n\t<meta property=\"og:image:type\" content=\"image\/png\" \/>\n<meta name=\"twitter:card\" content=\"summary_large_image\" \/>\n<meta name=\"twitter:label1\" content=\"Written by\" \/>\n\t<meta name=\"twitter:data1\" content=\"Urdaburu\" \/>\n\t<meta name=\"twitter:label2\" content=\"Est. reading time\" \/>\n\t<meta name=\"twitter:data2\" content=\"2 minutos\" \/>\n<script type=\"application\/ld+json\" class=\"yoast-schema-graph\">{\"@context\":\"https:\/\/schema.org\",\"@graph\":[{\"@type\":\"WebSite\",\"@id\":\"https:\/\/urdaburu.eus\/#website\",\"url\":\"https:\/\/urdaburu.eus\/\",\"name\":\"Urdaburu\",\"description\":\"Grupo de Monta\u00f1a \",\"potentialAction\":[{\"@type\":\"SearchAction\",\"target\":{\"@type\":\"EntryPoint\",\"urlTemplate\":\"https:\/\/urdaburu.eus\/?s={search_term_string}\"},\"query-input\":\"required name=search_term_string\"}],\"inLanguage\":\"es\"},{\"@type\":\"ImageObject\",\"inLanguage\":\"es\",\"@id\":\"https:\/\/urdaburu.eus\/es\/2026\/01\/8063\/#primaryimage\",\"url\":\"\/app\/uploads\/2025\/02\/nordic_walking2.png\",\"contentUrl\":\"\/app\/uploads\/2025\/02\/nordic_walking2.png\",\"width\":1312,\"height\":784},{\"@type\":\"WebPage\",\"@id\":\"https:\/\/urdaburu.eus\/es\/2026\/01\/8063\/#webpage\",\"url\":\"https:\/\/urdaburu.eus\/es\/2026\/01\/8063\/\",\"name\":\"- Urdaburu\",\"isPartOf\":{\"@id\":\"https:\/\/urdaburu.eus\/#website\"},\"primaryImageOfPage\":{\"@id\":\"https:\/\/urdaburu.eus\/es\/2026\/01\/8063\/#primaryimage\"},\"datePublished\":\"2026-01-22T20:00:33+00:00\",\"dateModified\":\"2026-01-22T20:03:35+00:00\",\"author\":{\"@id\":\"https:\/\/urdaburu.eus\/#\/schema\/person\/516009e451ff85719b12fcd9f67a2869\"},\"breadcrumb\":{\"@id\":\"https:\/\/urdaburu.eus\/es\/2026\/01\/8063\/#breadcrumb\"},\"inLanguage\":\"es\",\"potentialAction\":[{\"@type\":\"ReadAction\",\"target\":[\"https:\/\/urdaburu.eus\/es\/2026\/01\/8063\/\"]}]},{\"@type\":\"BreadcrumbList\",\"@id\":\"https:\/\/urdaburu.eus\/es\/2026\/01\/8063\/#breadcrumb\",\"itemListElement\":[{\"@type\":\"ListItem\",\"position\":1,\"name\":\"Home\",\"item\":\"https:\/\/urdaburu.eus\/es\/\"},{\"@type\":\"ListItem\",\"position\":2,\"name\":\"\"}]},{\"@type\":\"Person\",\"@id\":\"https:\/\/urdaburu.eus\/#\/schema\/person\/516009e451ff85719b12fcd9f67a2869\",\"name\":\"Urdaburu\",\"image\":{\"@type\":\"ImageObject\",\"inLanguage\":\"es\",\"@id\":\"https:\/\/urdaburu.eus\/#\/schema\/person\/image\/\",\"url\":\"https:\/\/secure.gravatar.com\/avatar\/8d332c7f045a0ada98d08782f91493a9?s=96&d=mm&r=g\",\"contentUrl\":\"https:\/\/secure.gravatar.com\/avatar\/8d332c7f045a0ada98d08782f91493a9?s=96&d=mm&r=g\",\"caption\":\"Urdaburu\"},\"url\":\"https:\/\/urdaburu.eus\/es\/author\/urdaburu\/\"}]}<\/script>\n<!-- \/ Yoast SEO plugin. -->","yoast_head_json":{"title":"- Urdaburu","robots":{"index":"index","follow":"follow","max-snippet":"max-snippet:-1","max-image-preview":"max-image-preview:large","max-video-preview":"max-video-preview:-1"},"canonical":"https:\/\/urdaburu.eus\/es\/2026\/01\/8063\/","og_locale":"es_ES","og_type":"article","og_title":"- Urdaburu","og_description":"Queremos informaros sobre la segunda salida de Marcha N\u00f3rdica de este a\u00f1o que hemos organizado\u00a0para el pr\u00f3ximo d\u00eda 8 de febrero (domingo). Como hemos organizado","og_url":"https:\/\/urdaburu.eus\/es\/2026\/01\/8063\/","og_site_name":"Urdaburu","article_published_time":"2026-01-22T20:00:33+00:00","article_modified_time":"2026-01-22T20:03:35+00:00","og_image":[{"width":1312,"height":784,"url":"https:\/\/urdaburu.eus\/app\/uploads\/2025\/02\/nordic_walking2.png","type":"image\/png"}],"twitter_card":"summary_large_image","twitter_misc":{"Written by":"Urdaburu","Est. reading time":"2 minutos"},"schema":{"@context":"https:\/\/schema.org","@graph":[{"@type":"WebSite","@id":"https:\/\/urdaburu.eus\/#website","url":"https:\/\/urdaburu.eus\/","name":"Urdaburu","description":"Grupo de Monta\u00f1a ","potentialAction":[{"@type":"SearchAction","target":{"@type":"EntryPoint","urlTemplate":"https:\/\/urdaburu.eus\/?s={search_term_string}"},"query-input":"required name=search_term_string"}],"inLanguage":"es"},{"@type":"ImageObject","inLanguage":"es","@id":"https:\/\/urdaburu.eus\/es\/2026\/01\/8063\/#primaryimage","url":"\/app\/uploads\/2025\/02\/nordic_walking2.png","contentUrl":"\/app\/uploads\/2025\/02\/nordic_walking2.png","width":1312,"height":784},{"@type":"WebPage","@id":"https:\/\/urdaburu.eus\/es\/2026\/01\/8063\/#webpage","url":"https:\/\/urdaburu.eus\/es\/2026\/01\/8063\/","name":"- Urdaburu","isPartOf":{"@id":"https:\/\/urdaburu.eus\/#website"},"primaryImageOfPage":{"@id":"https:\/\/urdaburu.eus\/es\/2026\/01\/8063\/#primaryimage"},"datePublished":"2026-01-22T20:00:33+00:00","dateModified":"2026-01-22T20:03:35+00:00","author":{"@id":"https:\/\/urdaburu.eus\/#\/schema\/person\/516009e451ff85719b12fcd9f67a2869"},"breadcrumb":{"@id":"https:\/\/urdaburu.eus\/es\/2026\/01\/8063\/#breadcrumb"},"inLanguage":"es","potentialAction":[{"@type":"ReadAction","target":["https:\/\/urdaburu.eus\/es\/2026\/01\/8063\/"]}]},{"@type":"BreadcrumbList","@id":"https:\/\/urdaburu.eus\/es\/2026\/01\/8063\/#breadcrumb","itemListElement":[{"@type":"ListItem","position":1,"name":"Home","item":"https:\/\/urdaburu.eus\/es\/"},{"@type":"ListItem","position":2,"name":""}]},{"@type":"Person","@id":"https:\/\/urdaburu.eus\/#\/schema\/person\/516009e451ff85719b12fcd9f67a2869","name":"Urdaburu","image":{"@type":"ImageObject","inLanguage":"es","@id":"https:\/\/urdaburu.eus\/#\/schema\/person\/image\/","url":"https:\/\/secure.gravatar.com\/avatar\/8d332c7f045a0ada98d08782f91493a9?s=96&d=mm&r=g","contentUrl":"https:\/\/secure.gravatar.com\/avatar\/8d332c7f045a0ada98d08782f91493a9?s=96&d=mm&r=g","caption":"Urdaburu"},"url":"https:\/\/urdaburu.eus\/es\/author\/urdaburu\/"}]}},"_links":{"self":[{"href":"https:\/\/urdaburu.eus\/es\/wp-json\/wp\/v2\/posts\/8063"}],"collection":[{"href":"https:\/\/urdaburu.eus\/es\/wp-json\/wp\/v2\/posts"}],"about":[{"href":"https:\/\/urdaburu.eus\/es\/wp-json\/wp\/v2\/types\/post"}],"author":[{"embeddable":true,"href":"https:\/\/urdaburu.eus\/es\/wp-json\/wp\/v2\/users\/2"}],"replies":[{"embeddable":true,"href":"https:\/\/urdaburu.eus\/es\/wp-json\/wp\/v2\/comments?post=8063"}],"version-history":[{"count":2,"href":"https:\/\/urdaburu.eus\/es\/wp-json\/wp\/v2\/posts\/8063\/revisions"}],"predecessor-version":[{"id":8066,"href":"https:\/\/urdaburu.eus\/es\/wp-json\/wp\/v2\/posts\/8063\/revisions\/8066"}],"wp:featuredmedia":[{"embeddable":true,"href":"https:\/\/urdaburu.eus\/es\/wp-json\/wp\/v2\/media\/7286"}],"wp:attachment":[{"href":"https:\/\/urdaburu.eus\/es\/wp-json\/wp\/v2\/media?parent=8063"}],"wp:term":[{"taxonomy":"category","embeddable":true,"href":"https:\/\/urdaburu.eus\/es\/wp-json\/wp\/v2\/categories?post=8063"},{"taxonomy":"post_tag","embeddable":true,"href":"https:\/\/urdaburu.eus\/es\/wp-json\/wp\/v2\/tags?post=8063"}],"curies":[{"name":"wp","href":"https:\/\/api.w.org\/{rel}","templated":true}]}}