{"id":8153,"date":"2026-03-08T22:21:49","date_gmt":"2026-03-08T21:21:49","guid":{"rendered":"https:\/\/urdaburu.eus\/2026\/03\/realizada-la-salida-de-marcha-nordica-entre-bera-e-irun\/"},"modified":"2026-03-08T22:21:55","modified_gmt":"2026-03-08T21:21:55","slug":"realizada-la-salida-de-marcha-nordica-entre-bera-e-irun","status":"publish","type":"post","link":"https:\/\/urdaburu.eus\/es\/2026\/03\/realizada-la-salida-de-marcha-nordica-entre-bera-e-irun\/","title":{"rendered":"Realizada la salida de marcha n\u00f3rdica entre Bera e Irun"},"content":{"rendered":"\n<p>Hoy, 8 de marzo, d\u00eda de la mujer, el grupo de marcha n\u00f3rdica ha recorrido la v\u00eda verde entre Bera y Ficoba. A las 8:45 de la ma\u00f1ana, en Iztieta, 26 personas hemos cogido el autob\u00fas de La Burundesa, y hemos bajado en la \u00faltima parada de Bera. Hemos entrado en la v\u00eda verde, hemos tenido siempre el r\u00edo Bidasoa a nuestra derecha, hemos pasado por debajo de varios puentes y t\u00faneles, Endarlatza, Behobia y una vez en Irun, hemos visto las cuatro islas del r\u00edo. Ha sido una salida sin desniveles de 16,6 km. <\/p>\n\n<p><p><strong>FOTOS<\/strong>: <a href=\"https:\/\/www.flickr.com\/photos\/195341817@N02\/albums\/72177720332417372\/\" data-mce-href=\"https:\/\/www.flickr.com\/photos\/195341817@N02\/albums\/72177720332417372\/\">https:\/\/www.flickr.com\/photos\/195341817@N02\/albums\/72177720332417372\/<\/a><\/p><\/p>\n","protected":false},"excerpt":{"rendered":"<p>Hoy, 8 de marzo, d\u00eda de la mujer, el grupo de marcha n\u00f3rdica ha recorrido la v\u00eda verde entre Bera y Ficoba. A las 8:45<\/p>\n","protected":false},"author":4,"featured_media":0,"comment_status":"closed","ping_status":"closed","sticky":false,"template":"","format":"standard","meta":[],"categories":[62],"tags":[],"yoast_head":"<!-- This site is optimized with the Yoast SEO plugin v19.1 - https:\/\/yoast.com\/wordpress\/plugins\/seo\/ -->\n<title>Realizada la salida de marcha n\u00f3rdica entre Bera e Irun - Urdaburu<\/title>\n<meta name=\"robots\" content=\"index, follow, max-snippet:-1, max-image-preview:large, max-video-preview:-1\" \/>\n<link rel=\"canonical\" href=\"https:\/\/urdaburu.eus\/es\/2026\/03\/realizada-la-salida-de-marcha-nordica-entre-bera-e-irun\/\" \/>\n<meta property=\"og:locale\" content=\"es_ES\" \/>\n<meta property=\"og:type\" content=\"article\" \/>\n<meta property=\"og:title\" content=\"Realizada la salida de marcha n\u00f3rdica entre Bera e Irun - Urdaburu\" \/>\n<meta property=\"og:description\" content=\"Hoy, 8 de marzo, d\u00eda de la mujer, el grupo de marcha n\u00f3rdica ha recorrido la v\u00eda verde entre Bera y Ficoba. A las 8:45\" \/>\n<meta property=\"og:url\" content=\"https:\/\/urdaburu.eus\/es\/2026\/03\/realizada-la-salida-de-marcha-nordica-entre-bera-e-irun\/\" \/>\n<meta property=\"og:site_name\" content=\"Urdaburu\" \/>\n<meta property=\"article:published_time\" content=\"2026-03-08T21:21:49+00:00\" \/>\n<meta property=\"article:modified_time\" content=\"2026-03-08T21:21:55+00:00\" \/>\n<meta name=\"twitter:card\" content=\"summary_large_image\" \/>\n<meta name=\"twitter:label1\" content=\"Written by\" \/>\n\t<meta name=\"twitter:data1\" content=\"Urdaburu ME\" \/>\n\t<meta name=\"twitter:label2\" content=\"Est. reading time\" \/>\n\t<meta name=\"twitter:data2\" content=\"1 minuto\" \/>\n<script type=\"application\/ld+json\" class=\"yoast-schema-graph\">{\"@context\":\"https:\/\/schema.org\",\"@graph\":[{\"@type\":\"WebSite\",\"@id\":\"https:\/\/urdaburu.eus\/#website\",\"url\":\"https:\/\/urdaburu.eus\/\",\"name\":\"Urdaburu\",\"description\":\"Grupo de Monta\u00f1a \",\"potentialAction\":[{\"@type\":\"SearchAction\",\"target\":{\"@type\":\"EntryPoint\",\"urlTemplate\":\"https:\/\/urdaburu.eus\/?s={search_term_string}\"},\"query-input\":\"required name=search_term_string\"}],\"inLanguage\":\"es\"},{\"@type\":\"WebPage\",\"@id\":\"https:\/\/urdaburu.eus\/es\/2026\/03\/realizada-la-salida-de-marcha-nordica-entre-bera-e-irun\/#webpage\",\"url\":\"https:\/\/urdaburu.eus\/es\/2026\/03\/realizada-la-salida-de-marcha-nordica-entre-bera-e-irun\/\",\"name\":\"Realizada la salida de marcha n\u00f3rdica entre Bera e Irun - Urdaburu\",\"isPartOf\":{\"@id\":\"https:\/\/urdaburu.eus\/#website\"},\"datePublished\":\"2026-03-08T21:21:49+00:00\",\"dateModified\":\"2026-03-08T21:21:55+00:00\",\"author\":{\"@id\":\"https:\/\/urdaburu.eus\/#\/schema\/person\/59c2f9f1cd8601668d2f60d21c4e8c28\"},\"breadcrumb\":{\"@id\":\"https:\/\/urdaburu.eus\/es\/2026\/03\/realizada-la-salida-de-marcha-nordica-entre-bera-e-irun\/#breadcrumb\"},\"inLanguage\":\"es\",\"potentialAction\":[{\"@type\":\"ReadAction\",\"target\":[\"https:\/\/urdaburu.eus\/es\/2026\/03\/realizada-la-salida-de-marcha-nordica-entre-bera-e-irun\/\"]}]},{\"@type\":\"BreadcrumbList\",\"@id\":\"https:\/\/urdaburu.eus\/es\/2026\/03\/realizada-la-salida-de-marcha-nordica-entre-bera-e-irun\/#breadcrumb\",\"itemListElement\":[{\"@type\":\"ListItem\",\"position\":1,\"name\":\"Home\",\"item\":\"https:\/\/urdaburu.eus\/es\/\"},{\"@type\":\"ListItem\",\"position\":2,\"name\":\"Realizada la salida de marcha n\u00f3rdica entre Bera e Irun\"}]},{\"@type\":\"Person\",\"@id\":\"https:\/\/urdaburu.eus\/#\/schema\/person\/59c2f9f1cd8601668d2f60d21c4e8c28\",\"name\":\"Urdaburu ME\",\"image\":{\"@type\":\"ImageObject\",\"inLanguage\":\"es\",\"@id\":\"https:\/\/urdaburu.eus\/#\/schema\/person\/image\/\",\"url\":\"https:\/\/secure.gravatar.com\/avatar\/fa57267273759411cf56b0de412e3780?s=96&d=mm&r=g\",\"contentUrl\":\"https:\/\/secure.gravatar.com\/avatar\/fa57267273759411cf56b0de412e3780?s=96&d=mm&r=g\",\"caption\":\"Urdaburu ME\"},\"url\":\"https:\/\/urdaburu.eus\/es\/author\/iprieto\/\"}]}<\/script>\n<!-- \/ Yoast SEO plugin. -->","yoast_head_json":{"title":"Realizada la salida de marcha n\u00f3rdica entre Bera e Irun - Urdaburu","robots":{"index":"index","follow":"follow","max-snippet":"max-snippet:-1","max-image-preview":"max-image-preview:large","max-video-preview":"max-video-preview:-1"},"canonical":"https:\/\/urdaburu.eus\/es\/2026\/03\/realizada-la-salida-de-marcha-nordica-entre-bera-e-irun\/","og_locale":"es_ES","og_type":"article","og_title":"Realizada la salida de marcha n\u00f3rdica entre Bera e Irun - Urdaburu","og_description":"Hoy, 8 de marzo, d\u00eda de la mujer, el grupo de marcha n\u00f3rdica ha recorrido la v\u00eda verde entre Bera y Ficoba. A las 8:45","og_url":"https:\/\/urdaburu.eus\/es\/2026\/03\/realizada-la-salida-de-marcha-nordica-entre-bera-e-irun\/","og_site_name":"Urdaburu","article_published_time":"2026-03-08T21:21:49+00:00","article_modified_time":"2026-03-08T21:21:55+00:00","twitter_card":"summary_large_image","twitter_misc":{"Written by":"Urdaburu ME","Est. reading time":"1 minuto"},"schema":{"@context":"https:\/\/schema.org","@graph":[{"@type":"WebSite","@id":"https:\/\/urdaburu.eus\/#website","url":"https:\/\/urdaburu.eus\/","name":"Urdaburu","description":"Grupo de Monta\u00f1a ","potentialAction":[{"@type":"SearchAction","target":{"@type":"EntryPoint","urlTemplate":"https:\/\/urdaburu.eus\/?s={search_term_string}"},"query-input":"required name=search_term_string"}],"inLanguage":"es"},{"@type":"WebPage","@id":"https:\/\/urdaburu.eus\/es\/2026\/03\/realizada-la-salida-de-marcha-nordica-entre-bera-e-irun\/#webpage","url":"https:\/\/urdaburu.eus\/es\/2026\/03\/realizada-la-salida-de-marcha-nordica-entre-bera-e-irun\/","name":"Realizada la salida de marcha n\u00f3rdica entre Bera e Irun - Urdaburu","isPartOf":{"@id":"https:\/\/urdaburu.eus\/#website"},"datePublished":"2026-03-08T21:21:49+00:00","dateModified":"2026-03-08T21:21:55+00:00","author":{"@id":"https:\/\/urdaburu.eus\/#\/schema\/person\/59c2f9f1cd8601668d2f60d21c4e8c28"},"breadcrumb":{"@id":"https:\/\/urdaburu.eus\/es\/2026\/03\/realizada-la-salida-de-marcha-nordica-entre-bera-e-irun\/#breadcrumb"},"inLanguage":"es","potentialAction":[{"@type":"ReadAction","target":["https:\/\/urdaburu.eus\/es\/2026\/03\/realizada-la-salida-de-marcha-nordica-entre-bera-e-irun\/"]}]},{"@type":"BreadcrumbList","@id":"https:\/\/urdaburu.eus\/es\/2026\/03\/realizada-la-salida-de-marcha-nordica-entre-bera-e-irun\/#breadcrumb","itemListElement":[{"@type":"ListItem","position":1,"name":"Home","item":"https:\/\/urdaburu.eus\/es\/"},{"@type":"ListItem","position":2,"name":"Realizada la salida de marcha n\u00f3rdica entre Bera e Irun"}]},{"@type":"Person","@id":"https:\/\/urdaburu.eus\/#\/schema\/person\/59c2f9f1cd8601668d2f60d21c4e8c28","name":"Urdaburu ME","image":{"@type":"ImageObject","inLanguage":"es","@id":"https:\/\/urdaburu.eus\/#\/schema\/person\/image\/","url":"https:\/\/secure.gravatar.com\/avatar\/fa57267273759411cf56b0de412e3780?s=96&d=mm&r=g","contentUrl":"https:\/\/secure.gravatar.com\/avatar\/fa57267273759411cf56b0de412e3780?s=96&d=mm&r=g","caption":"Urdaburu ME"},"url":"https:\/\/urdaburu.eus\/es\/author\/iprieto\/"}]}},"_links":{"self":[{"href":"https:\/\/urdaburu.eus\/es\/wp-json\/wp\/v2\/posts\/8153"}],"collection":[{"href":"https:\/\/urdaburu.eus\/es\/wp-json\/wp\/v2\/posts"}],"about":[{"href":"https:\/\/urdaburu.eus\/es\/wp-json\/wp\/v2\/types\/post"}],"author":[{"embeddable":true,"href":"https:\/\/urdaburu.eus\/es\/wp-json\/wp\/v2\/users\/4"}],"replies":[{"embeddable":true,"href":"https:\/\/urdaburu.eus\/es\/wp-json\/wp\/v2\/comments?post=8153"}],"version-history":[{"count":3,"href":"https:\/\/urdaburu.eus\/es\/wp-json\/wp\/v2\/posts\/8153\/revisions"}],"predecessor-version":[{"id":8156,"href":"https:\/\/urdaburu.eus\/es\/wp-json\/wp\/v2\/posts\/8153\/revisions\/8156"}],"wp:attachment":[{"href":"https:\/\/urdaburu.eus\/es\/wp-json\/wp\/v2\/media?parent=8153"}],"wp:term":[{"taxonomy":"category","embeddable":true,"href":"https:\/\/urdaburu.eus\/es\/wp-json\/wp\/v2\/categories?post=8153"},{"taxonomy":"post_tag","embeddable":true,"href":"https:\/\/urdaburu.eus\/es\/wp-json\/wp\/v2\/tags?post=8153"}],"curies":[{"name":"wp","href":"https:\/\/api.w.org\/{rel}","templated":true}]}}