{"id":8225,"date":"2026-04-26T21:11:38","date_gmt":"2026-04-26T20:11:38","guid":{"rendered":"https:\/\/urdaburu.eus\/2026\/04\/realizada-la-salida-de-marcha-nordica-de-errenteria-a-errenteria\/"},"modified":"2026-04-26T21:11:39","modified_gmt":"2026-04-26T20:11:39","slug":"realizada-la-salida-de-marcha-nordica-de-errenteria-a-errenteria","status":"publish","type":"post","link":"https:\/\/urdaburu.eus\/es\/2026\/04\/realizada-la-salida-de-marcha-nordica-de-errenteria-a-errenteria\/","title":{"rendered":"Realizada la salida de marcha n\u00f3rdica de Errenteria a Errenteria"},"content":{"rendered":"\n<p>El 25 de abril, d\u00eda de San Marcos, realizamos la 5\u00aa salida de marcha n\u00f3rdica de este a\u00f1o, concretamente un recorrido de 12,70 km viendo algunos de los murales del artista pasaitarra N\u00e9stor Ota\u00f1o, conocido como Nexgraff. Tras salir de Errenteria, pasar por Pasai Antxo y Buena Vista,  subimos a Alza donde localizamos  tres de ellos. Una vez en Herrera, los dos siguientes, y en San Pedro los dos \u00faltimos. Nos desplazamos a San Juan en barca y volvimos a Errenteria para acabar la jornada disfrutando  del d\u00eda de la sidra.<\/p>\n\n<p><strong>FOTOS<\/strong>: <a href=\"https:\/\/www.flickr.com\/photos\/195341817@N02\/albums\/72177720333331633\">https:\/\/www.flickr.com\/photos\/195341817@N02\/albums\/72177720333331633<\/a><\/p>\n","protected":false},"excerpt":{"rendered":"<p>El 25 de abril, d\u00eda de San Marcos, realizamos la 5\u00aa salida de marcha n\u00f3rdica de este a\u00f1o, concretamente un recorrido de 12,70 km viendo<\/p>\n","protected":false},"author":4,"featured_media":0,"comment_status":"closed","ping_status":"closed","sticky":false,"template":"","format":"standard","meta":[],"categories":[62],"tags":[],"yoast_head":"<!-- This site is optimized with the Yoast SEO plugin v19.1 - https:\/\/yoast.com\/wordpress\/plugins\/seo\/ -->\n<title>Realizada la salida de marcha n\u00f3rdica de Errenteria a Errenteria - Urdaburu<\/title>\n<meta name=\"robots\" content=\"index, follow, max-snippet:-1, max-image-preview:large, max-video-preview:-1\" \/>\n<link rel=\"canonical\" href=\"https:\/\/urdaburu.eus\/es\/2026\/04\/realizada-la-salida-de-marcha-nordica-de-errenteria-a-errenteria\/\" \/>\n<meta property=\"og:locale\" content=\"es_ES\" \/>\n<meta property=\"og:type\" content=\"article\" \/>\n<meta property=\"og:title\" content=\"Realizada la salida de marcha n\u00f3rdica de Errenteria a Errenteria - Urdaburu\" \/>\n<meta property=\"og:description\" content=\"El 25 de abril, d\u00eda de San Marcos, realizamos la 5\u00aa salida de marcha n\u00f3rdica de este a\u00f1o, concretamente un recorrido de 12,70 km viendo\" \/>\n<meta property=\"og:url\" content=\"https:\/\/urdaburu.eus\/es\/2026\/04\/realizada-la-salida-de-marcha-nordica-de-errenteria-a-errenteria\/\" \/>\n<meta property=\"og:site_name\" content=\"Urdaburu\" \/>\n<meta property=\"article:published_time\" content=\"2026-04-26T20:11:38+00:00\" \/>\n<meta property=\"article:modified_time\" content=\"2026-04-26T20:11:39+00:00\" \/>\n<meta name=\"twitter:card\" content=\"summary_large_image\" \/>\n<meta name=\"twitter:label1\" content=\"Written by\" \/>\n\t<meta name=\"twitter:data1\" content=\"Urdaburu ME\" \/>\n\t<meta name=\"twitter:label2\" content=\"Est. reading time\" \/>\n\t<meta name=\"twitter:data2\" content=\"1 minuto\" \/>\n<script type=\"application\/ld+json\" class=\"yoast-schema-graph\">{\"@context\":\"https:\/\/schema.org\",\"@graph\":[{\"@type\":\"WebSite\",\"@id\":\"https:\/\/urdaburu.eus\/#website\",\"url\":\"https:\/\/urdaburu.eus\/\",\"name\":\"Urdaburu\",\"description\":\"Grupo de Monta\u00f1a \",\"potentialAction\":[{\"@type\":\"SearchAction\",\"target\":{\"@type\":\"EntryPoint\",\"urlTemplate\":\"https:\/\/urdaburu.eus\/?s={search_term_string}\"},\"query-input\":\"required name=search_term_string\"}],\"inLanguage\":\"es\"},{\"@type\":\"WebPage\",\"@id\":\"https:\/\/urdaburu.eus\/es\/2026\/04\/realizada-la-salida-de-marcha-nordica-de-errenteria-a-errenteria\/#webpage\",\"url\":\"https:\/\/urdaburu.eus\/es\/2026\/04\/realizada-la-salida-de-marcha-nordica-de-errenteria-a-errenteria\/\",\"name\":\"Realizada la salida de marcha n\u00f3rdica de Errenteria a Errenteria - Urdaburu\",\"isPartOf\":{\"@id\":\"https:\/\/urdaburu.eus\/#website\"},\"datePublished\":\"2026-04-26T20:11:38+00:00\",\"dateModified\":\"2026-04-26T20:11:39+00:00\",\"author\":{\"@id\":\"https:\/\/urdaburu.eus\/#\/schema\/person\/59c2f9f1cd8601668d2f60d21c4e8c28\"},\"breadcrumb\":{\"@id\":\"https:\/\/urdaburu.eus\/es\/2026\/04\/realizada-la-salida-de-marcha-nordica-de-errenteria-a-errenteria\/#breadcrumb\"},\"inLanguage\":\"es\",\"potentialAction\":[{\"@type\":\"ReadAction\",\"target\":[\"https:\/\/urdaburu.eus\/es\/2026\/04\/realizada-la-salida-de-marcha-nordica-de-errenteria-a-errenteria\/\"]}]},{\"@type\":\"BreadcrumbList\",\"@id\":\"https:\/\/urdaburu.eus\/es\/2026\/04\/realizada-la-salida-de-marcha-nordica-de-errenteria-a-errenteria\/#breadcrumb\",\"itemListElement\":[{\"@type\":\"ListItem\",\"position\":1,\"name\":\"Home\",\"item\":\"https:\/\/urdaburu.eus\/es\/\"},{\"@type\":\"ListItem\",\"position\":2,\"name\":\"Realizada la salida de marcha n\u00f3rdica de Errenteria a Errenteria\"}]},{\"@type\":\"Person\",\"@id\":\"https:\/\/urdaburu.eus\/#\/schema\/person\/59c2f9f1cd8601668d2f60d21c4e8c28\",\"name\":\"Urdaburu ME\",\"image\":{\"@type\":\"ImageObject\",\"inLanguage\":\"es\",\"@id\":\"https:\/\/urdaburu.eus\/#\/schema\/person\/image\/\",\"url\":\"https:\/\/secure.gravatar.com\/avatar\/fa57267273759411cf56b0de412e3780?s=96&d=mm&r=g\",\"contentUrl\":\"https:\/\/secure.gravatar.com\/avatar\/fa57267273759411cf56b0de412e3780?s=96&d=mm&r=g\",\"caption\":\"Urdaburu ME\"},\"url\":\"https:\/\/urdaburu.eus\/es\/author\/iprieto\/\"}]}<\/script>\n<!-- \/ Yoast SEO plugin. -->","yoast_head_json":{"title":"Realizada la salida de marcha n\u00f3rdica de Errenteria a Errenteria - Urdaburu","robots":{"index":"index","follow":"follow","max-snippet":"max-snippet:-1","max-image-preview":"max-image-preview:large","max-video-preview":"max-video-preview:-1"},"canonical":"https:\/\/urdaburu.eus\/es\/2026\/04\/realizada-la-salida-de-marcha-nordica-de-errenteria-a-errenteria\/","og_locale":"es_ES","og_type":"article","og_title":"Realizada la salida de marcha n\u00f3rdica de Errenteria a Errenteria - Urdaburu","og_description":"El 25 de abril, d\u00eda de San Marcos, realizamos la 5\u00aa salida de marcha n\u00f3rdica de este a\u00f1o, concretamente un recorrido de 12,70 km viendo","og_url":"https:\/\/urdaburu.eus\/es\/2026\/04\/realizada-la-salida-de-marcha-nordica-de-errenteria-a-errenteria\/","og_site_name":"Urdaburu","article_published_time":"2026-04-26T20:11:38+00:00","article_modified_time":"2026-04-26T20:11:39+00:00","twitter_card":"summary_large_image","twitter_misc":{"Written by":"Urdaburu ME","Est. reading time":"1 minuto"},"schema":{"@context":"https:\/\/schema.org","@graph":[{"@type":"WebSite","@id":"https:\/\/urdaburu.eus\/#website","url":"https:\/\/urdaburu.eus\/","name":"Urdaburu","description":"Grupo de Monta\u00f1a ","potentialAction":[{"@type":"SearchAction","target":{"@type":"EntryPoint","urlTemplate":"https:\/\/urdaburu.eus\/?s={search_term_string}"},"query-input":"required name=search_term_string"}],"inLanguage":"es"},{"@type":"WebPage","@id":"https:\/\/urdaburu.eus\/es\/2026\/04\/realizada-la-salida-de-marcha-nordica-de-errenteria-a-errenteria\/#webpage","url":"https:\/\/urdaburu.eus\/es\/2026\/04\/realizada-la-salida-de-marcha-nordica-de-errenteria-a-errenteria\/","name":"Realizada la salida de marcha n\u00f3rdica de Errenteria a Errenteria - Urdaburu","isPartOf":{"@id":"https:\/\/urdaburu.eus\/#website"},"datePublished":"2026-04-26T20:11:38+00:00","dateModified":"2026-04-26T20:11:39+00:00","author":{"@id":"https:\/\/urdaburu.eus\/#\/schema\/person\/59c2f9f1cd8601668d2f60d21c4e8c28"},"breadcrumb":{"@id":"https:\/\/urdaburu.eus\/es\/2026\/04\/realizada-la-salida-de-marcha-nordica-de-errenteria-a-errenteria\/#breadcrumb"},"inLanguage":"es","potentialAction":[{"@type":"ReadAction","target":["https:\/\/urdaburu.eus\/es\/2026\/04\/realizada-la-salida-de-marcha-nordica-de-errenteria-a-errenteria\/"]}]},{"@type":"BreadcrumbList","@id":"https:\/\/urdaburu.eus\/es\/2026\/04\/realizada-la-salida-de-marcha-nordica-de-errenteria-a-errenteria\/#breadcrumb","itemListElement":[{"@type":"ListItem","position":1,"name":"Home","item":"https:\/\/urdaburu.eus\/es\/"},{"@type":"ListItem","position":2,"name":"Realizada la salida de marcha n\u00f3rdica de Errenteria a Errenteria"}]},{"@type":"Person","@id":"https:\/\/urdaburu.eus\/#\/schema\/person\/59c2f9f1cd8601668d2f60d21c4e8c28","name":"Urdaburu ME","image":{"@type":"ImageObject","inLanguage":"es","@id":"https:\/\/urdaburu.eus\/#\/schema\/person\/image\/","url":"https:\/\/secure.gravatar.com\/avatar\/fa57267273759411cf56b0de412e3780?s=96&d=mm&r=g","contentUrl":"https:\/\/secure.gravatar.com\/avatar\/fa57267273759411cf56b0de412e3780?s=96&d=mm&r=g","caption":"Urdaburu ME"},"url":"https:\/\/urdaburu.eus\/es\/author\/iprieto\/"}]}},"_links":{"self":[{"href":"https:\/\/urdaburu.eus\/es\/wp-json\/wp\/v2\/posts\/8225"}],"collection":[{"href":"https:\/\/urdaburu.eus\/es\/wp-json\/wp\/v2\/posts"}],"about":[{"href":"https:\/\/urdaburu.eus\/es\/wp-json\/wp\/v2\/types\/post"}],"author":[{"embeddable":true,"href":"https:\/\/urdaburu.eus\/es\/wp-json\/wp\/v2\/users\/4"}],"replies":[{"embeddable":true,"href":"https:\/\/urdaburu.eus\/es\/wp-json\/wp\/v2\/comments?post=8225"}],"version-history":[{"count":1,"href":"https:\/\/urdaburu.eus\/es\/wp-json\/wp\/v2\/posts\/8225\/revisions"}],"predecessor-version":[{"id":8226,"href":"https:\/\/urdaburu.eus\/es\/wp-json\/wp\/v2\/posts\/8225\/revisions\/8226"}],"wp:attachment":[{"href":"https:\/\/urdaburu.eus\/es\/wp-json\/wp\/v2\/media?parent=8225"}],"wp:term":[{"taxonomy":"category","embeddable":true,"href":"https:\/\/urdaburu.eus\/es\/wp-json\/wp\/v2\/categories?post=8225"},{"taxonomy":"post_tag","embeddable":true,"href":"https:\/\/urdaburu.eus\/es\/wp-json\/wp\/v2\/tags?post=8225"}],"curies":[{"name":"wp","href":"https:\/\/api.w.org\/{rel}","templated":true}]}}