{"id":8229,"date":"2026-04-28T12:59:05","date_gmt":"2026-04-28T11:59:05","guid":{"rendered":"https:\/\/urdaburu.eus\/?p=8229"},"modified":"2026-04-28T12:59:07","modified_gmt":"2026-04-28T11:59:07","slug":"9-de-mayo-salida-de-marcha-nordica","status":"publish","type":"post","link":"https:\/\/urdaburu.eus\/es\/2026\/04\/9-de-mayo-salida-de-marcha-nordica\/","title":{"rendered":"9 de mayo: Salida de Marcha N\u00f3rdica"},"content":{"rendered":"\n<p>Queremos informaros sobre la quinta salida de Marcha N\u00f3rdica de este a\u00f1o que hemos organizado\u00a0<strong>para el pr\u00f3ximo d\u00eda 9 de mayo (s\u00e1bado). <\/strong>El recorrido ser\u00e1 de unos 10 Kmtros, desde Zarautz a Orio.<\/p>\n\n\n\n<p><strong>PUNTO DE ENCUENTRO:<\/strong>\u00a0A las 8:20 horas en la parada del topo de Galtzaraborda (el topo sale a las 8:25 horas) o a las 9:20 horas en la \u00faltima parada del topo de Zarautz.<\/p>\n\n\n\n<p><strong>RECORRIDO:<\/strong>\u00a0Tras cruzar la playa de Zarautz pasaremos por el biotopo de I\u00f1urritza y subiremos las 439 escaleras que nos llevar\u00e1n al camping.<br>Tambi\u00e9n tendremos la oportunidad de ver el cargadero Mollarri. Desde aqu\u00ed bajaremos al n\u00e1utico de Orio y terminaremos en la estaci\u00f3n del topo.   <strong>\u00a1A tener en cuenta! : Subiremos muchas escaleras, el resto ser\u00e1 liso y cuesta abajo.<\/strong><\/p>\n\n\n\n<p><strong>QU\u00c9 LLEVAR:\u00a0<\/strong>Agua, zapatillas de deporte, los bastones de marcha n\u00f3rdica y la tarjeta Mugi.<\/p>\n\n\n\n<p><strong><u>INSCRIPCI\u00d3N:<\/u><\/strong><br>-La inscripci\u00f3n se realizar\u00e1 en el local de Urdaburu, bien presencialmente o por tel\u00e9fono en secretar\u00eda (martes y jueves de 19:00 a 21:00 horas) o mediante el siguiente formulario:<\/p>\n\n\n\n<p><a href=\"https:\/\/sites.google.com\/view\/urdaburumendizaleelkartea\/irteerak\/2026-05-09-ipar-martxa?authuser=0\" target=\"_blank\" rel=\"noreferrer noopener\">Inscripci\u00f3n<\/a><\/p>\n","protected":false},"excerpt":{"rendered":"<p>Queremos informaros sobre la quinta salida de Marcha N\u00f3rdica de este a\u00f1o que hemos organizado\u00a0para el pr\u00f3ximo d\u00eda 9 de mayo (s\u00e1bado). El recorrido ser\u00e1<\/p>\n","protected":false},"author":2,"featured_media":7286,"comment_status":"closed","ping_status":"closed","sticky":false,"template":"","format":"standard","meta":[],"categories":[3],"tags":[],"yoast_head":"<!-- This site is optimized with the Yoast SEO plugin v19.1 - https:\/\/yoast.com\/wordpress\/plugins\/seo\/ -->\n<title>9 de mayo: Salida de Marcha N\u00f3rdica - Urdaburu<\/title>\n<meta name=\"robots\" content=\"index, follow, max-snippet:-1, max-image-preview:large, max-video-preview:-1\" \/>\n<link rel=\"canonical\" href=\"https:\/\/urdaburu.eus\/es\/2026\/04\/9-de-mayo-salida-de-marcha-nordica\/\" \/>\n<meta property=\"og:locale\" content=\"es_ES\" \/>\n<meta property=\"og:type\" content=\"article\" \/>\n<meta property=\"og:title\" content=\"9 de mayo: Salida de Marcha N\u00f3rdica - Urdaburu\" \/>\n<meta property=\"og:description\" content=\"Queremos informaros sobre la quinta salida de Marcha N\u00f3rdica de este a\u00f1o que hemos organizado\u00a0para el pr\u00f3ximo d\u00eda 9 de mayo (s\u00e1bado). El recorrido ser\u00e1\" \/>\n<meta property=\"og:url\" content=\"https:\/\/urdaburu.eus\/es\/2026\/04\/9-de-mayo-salida-de-marcha-nordica\/\" \/>\n<meta property=\"og:site_name\" content=\"Urdaburu\" \/>\n<meta property=\"article:published_time\" content=\"2026-04-28T11:59:05+00:00\" \/>\n<meta property=\"article:modified_time\" content=\"2026-04-28T11:59:07+00:00\" \/>\n<meta property=\"og:image\" content=\"https:\/\/urdaburu.eus\/app\/uploads\/2025\/02\/nordic_walking2.png\" \/>\n\t<meta property=\"og:image:width\" content=\"1312\" \/>\n\t<meta property=\"og:image:height\" content=\"784\" \/>\n\t<meta property=\"og:image:type\" content=\"image\/png\" \/>\n<meta name=\"twitter:card\" content=\"summary_large_image\" \/>\n<meta name=\"twitter:label1\" content=\"Written by\" \/>\n\t<meta name=\"twitter:data1\" content=\"Urdaburu\" \/>\n\t<meta name=\"twitter:label2\" content=\"Est. reading time\" \/>\n\t<meta name=\"twitter:data2\" content=\"1 minuto\" \/>\n<script type=\"application\/ld+json\" class=\"yoast-schema-graph\">{\"@context\":\"https:\/\/schema.org\",\"@graph\":[{\"@type\":\"WebSite\",\"@id\":\"https:\/\/urdaburu.eus\/#website\",\"url\":\"https:\/\/urdaburu.eus\/\",\"name\":\"Urdaburu\",\"description\":\"Grupo de Monta\u00f1a \",\"potentialAction\":[{\"@type\":\"SearchAction\",\"target\":{\"@type\":\"EntryPoint\",\"urlTemplate\":\"https:\/\/urdaburu.eus\/?s={search_term_string}\"},\"query-input\":\"required name=search_term_string\"}],\"inLanguage\":\"es\"},{\"@type\":\"ImageObject\",\"inLanguage\":\"es\",\"@id\":\"https:\/\/urdaburu.eus\/es\/2026\/04\/9-de-mayo-salida-de-marcha-nordica\/#primaryimage\",\"url\":\"\/app\/uploads\/2025\/02\/nordic_walking2.png\",\"contentUrl\":\"\/app\/uploads\/2025\/02\/nordic_walking2.png\",\"width\":1312,\"height\":784},{\"@type\":\"WebPage\",\"@id\":\"https:\/\/urdaburu.eus\/es\/2026\/04\/9-de-mayo-salida-de-marcha-nordica\/#webpage\",\"url\":\"https:\/\/urdaburu.eus\/es\/2026\/04\/9-de-mayo-salida-de-marcha-nordica\/\",\"name\":\"9 de mayo: Salida de Marcha N\u00f3rdica - Urdaburu\",\"isPartOf\":{\"@id\":\"https:\/\/urdaburu.eus\/#website\"},\"primaryImageOfPage\":{\"@id\":\"https:\/\/urdaburu.eus\/es\/2026\/04\/9-de-mayo-salida-de-marcha-nordica\/#primaryimage\"},\"datePublished\":\"2026-04-28T11:59:05+00:00\",\"dateModified\":\"2026-04-28T11:59:07+00:00\",\"author\":{\"@id\":\"https:\/\/urdaburu.eus\/#\/schema\/person\/516009e451ff85719b12fcd9f67a2869\"},\"breadcrumb\":{\"@id\":\"https:\/\/urdaburu.eus\/es\/2026\/04\/9-de-mayo-salida-de-marcha-nordica\/#breadcrumb\"},\"inLanguage\":\"es\",\"potentialAction\":[{\"@type\":\"ReadAction\",\"target\":[\"https:\/\/urdaburu.eus\/es\/2026\/04\/9-de-mayo-salida-de-marcha-nordica\/\"]}]},{\"@type\":\"BreadcrumbList\",\"@id\":\"https:\/\/urdaburu.eus\/es\/2026\/04\/9-de-mayo-salida-de-marcha-nordica\/#breadcrumb\",\"itemListElement\":[{\"@type\":\"ListItem\",\"position\":1,\"name\":\"Home\",\"item\":\"https:\/\/urdaburu.eus\/es\/\"},{\"@type\":\"ListItem\",\"position\":2,\"name\":\"9 de mayo: Salida de Marcha N\u00f3rdica\"}]},{\"@type\":\"Person\",\"@id\":\"https:\/\/urdaburu.eus\/#\/schema\/person\/516009e451ff85719b12fcd9f67a2869\",\"name\":\"Urdaburu\",\"image\":{\"@type\":\"ImageObject\",\"inLanguage\":\"es\",\"@id\":\"https:\/\/urdaburu.eus\/#\/schema\/person\/image\/\",\"url\":\"https:\/\/secure.gravatar.com\/avatar\/8d332c7f045a0ada98d08782f91493a9?s=96&d=mm&r=g\",\"contentUrl\":\"https:\/\/secure.gravatar.com\/avatar\/8d332c7f045a0ada98d08782f91493a9?s=96&d=mm&r=g\",\"caption\":\"Urdaburu\"},\"url\":\"https:\/\/urdaburu.eus\/es\/author\/urdaburu\/\"}]}<\/script>\n<!-- \/ Yoast SEO plugin. -->","yoast_head_json":{"title":"9 de mayo: Salida de Marcha N\u00f3rdica - Urdaburu","robots":{"index":"index","follow":"follow","max-snippet":"max-snippet:-1","max-image-preview":"max-image-preview:large","max-video-preview":"max-video-preview:-1"},"canonical":"https:\/\/urdaburu.eus\/es\/2026\/04\/9-de-mayo-salida-de-marcha-nordica\/","og_locale":"es_ES","og_type":"article","og_title":"9 de mayo: Salida de Marcha N\u00f3rdica - Urdaburu","og_description":"Queremos informaros sobre la quinta salida de Marcha N\u00f3rdica de este a\u00f1o que hemos organizado\u00a0para el pr\u00f3ximo d\u00eda 9 de mayo (s\u00e1bado). El recorrido ser\u00e1","og_url":"https:\/\/urdaburu.eus\/es\/2026\/04\/9-de-mayo-salida-de-marcha-nordica\/","og_site_name":"Urdaburu","article_published_time":"2026-04-28T11:59:05+00:00","article_modified_time":"2026-04-28T11:59:07+00:00","og_image":[{"width":1312,"height":784,"url":"https:\/\/urdaburu.eus\/app\/uploads\/2025\/02\/nordic_walking2.png","type":"image\/png"}],"twitter_card":"summary_large_image","twitter_misc":{"Written by":"Urdaburu","Est. reading time":"1 minuto"},"schema":{"@context":"https:\/\/schema.org","@graph":[{"@type":"WebSite","@id":"https:\/\/urdaburu.eus\/#website","url":"https:\/\/urdaburu.eus\/","name":"Urdaburu","description":"Grupo de Monta\u00f1a ","potentialAction":[{"@type":"SearchAction","target":{"@type":"EntryPoint","urlTemplate":"https:\/\/urdaburu.eus\/?s={search_term_string}"},"query-input":"required name=search_term_string"}],"inLanguage":"es"},{"@type":"ImageObject","inLanguage":"es","@id":"https:\/\/urdaburu.eus\/es\/2026\/04\/9-de-mayo-salida-de-marcha-nordica\/#primaryimage","url":"\/app\/uploads\/2025\/02\/nordic_walking2.png","contentUrl":"\/app\/uploads\/2025\/02\/nordic_walking2.png","width":1312,"height":784},{"@type":"WebPage","@id":"https:\/\/urdaburu.eus\/es\/2026\/04\/9-de-mayo-salida-de-marcha-nordica\/#webpage","url":"https:\/\/urdaburu.eus\/es\/2026\/04\/9-de-mayo-salida-de-marcha-nordica\/","name":"9 de mayo: Salida de Marcha N\u00f3rdica - Urdaburu","isPartOf":{"@id":"https:\/\/urdaburu.eus\/#website"},"primaryImageOfPage":{"@id":"https:\/\/urdaburu.eus\/es\/2026\/04\/9-de-mayo-salida-de-marcha-nordica\/#primaryimage"},"datePublished":"2026-04-28T11:59:05+00:00","dateModified":"2026-04-28T11:59:07+00:00","author":{"@id":"https:\/\/urdaburu.eus\/#\/schema\/person\/516009e451ff85719b12fcd9f67a2869"},"breadcrumb":{"@id":"https:\/\/urdaburu.eus\/es\/2026\/04\/9-de-mayo-salida-de-marcha-nordica\/#breadcrumb"},"inLanguage":"es","potentialAction":[{"@type":"ReadAction","target":["https:\/\/urdaburu.eus\/es\/2026\/04\/9-de-mayo-salida-de-marcha-nordica\/"]}]},{"@type":"BreadcrumbList","@id":"https:\/\/urdaburu.eus\/es\/2026\/04\/9-de-mayo-salida-de-marcha-nordica\/#breadcrumb","itemListElement":[{"@type":"ListItem","position":1,"name":"Home","item":"https:\/\/urdaburu.eus\/es\/"},{"@type":"ListItem","position":2,"name":"9 de mayo: Salida de Marcha N\u00f3rdica"}]},{"@type":"Person","@id":"https:\/\/urdaburu.eus\/#\/schema\/person\/516009e451ff85719b12fcd9f67a2869","name":"Urdaburu","image":{"@type":"ImageObject","inLanguage":"es","@id":"https:\/\/urdaburu.eus\/#\/schema\/person\/image\/","url":"https:\/\/secure.gravatar.com\/avatar\/8d332c7f045a0ada98d08782f91493a9?s=96&d=mm&r=g","contentUrl":"https:\/\/secure.gravatar.com\/avatar\/8d332c7f045a0ada98d08782f91493a9?s=96&d=mm&r=g","caption":"Urdaburu"},"url":"https:\/\/urdaburu.eus\/es\/author\/urdaburu\/"}]}},"_links":{"self":[{"href":"https:\/\/urdaburu.eus\/es\/wp-json\/wp\/v2\/posts\/8229"}],"collection":[{"href":"https:\/\/urdaburu.eus\/es\/wp-json\/wp\/v2\/posts"}],"about":[{"href":"https:\/\/urdaburu.eus\/es\/wp-json\/wp\/v2\/types\/post"}],"author":[{"embeddable":true,"href":"https:\/\/urdaburu.eus\/es\/wp-json\/wp\/v2\/users\/2"}],"replies":[{"embeddable":true,"href":"https:\/\/urdaburu.eus\/es\/wp-json\/wp\/v2\/comments?post=8229"}],"version-history":[{"count":1,"href":"https:\/\/urdaburu.eus\/es\/wp-json\/wp\/v2\/posts\/8229\/revisions"}],"predecessor-version":[{"id":8230,"href":"https:\/\/urdaburu.eus\/es\/wp-json\/wp\/v2\/posts\/8229\/revisions\/8230"}],"wp:featuredmedia":[{"embeddable":true,"href":"https:\/\/urdaburu.eus\/es\/wp-json\/wp\/v2\/media\/7286"}],"wp:attachment":[{"href":"https:\/\/urdaburu.eus\/es\/wp-json\/wp\/v2\/media?parent=8229"}],"wp:term":[{"taxonomy":"category","embeddable":true,"href":"https:\/\/urdaburu.eus\/es\/wp-json\/wp\/v2\/categories?post=8229"},{"taxonomy":"post_tag","embeddable":true,"href":"https:\/\/urdaburu.eus\/es\/wp-json\/wp\/v2\/tags?post=8229"}],"curies":[{"name":"wp","href":"https:\/\/api.w.org\/{rel}","templated":true}]}}